{"id":3227,"date":"2025-05-12T13:00:20","date_gmt":"2025-05-12T12:00:20","guid":{"rendered":"https:\/\/jirioberfalzer.cz\/?p=3227"},"modified":"2025-05-22T13:09:30","modified_gmt":"2025-05-22T12:09:30","slug":"pietni-setkani-v-arealu-hrbitova-u-krematoria-v-praze-motole","status":"publish","type":"post","link":"https:\/\/jirioberfalzer.cz\/?p=3227","title":{"rendered":"Pietn\u00ed setk\u00e1n\u00ed v are\u00e1lu h\u0159bitova u krematoria v Praze\u2013Motole"},"content":{"rendered":"<p><a href=\"https:\/\/jirioberfalzer.cz\/wp-content\/uploads\/2025\/05\/Bez-nazvu_compressed-4.jpg\"><img loading=\"lazy\" decoding=\"async\" class=\"aligncenter size-medium wp-image-3228\" src=\"https:\/\/jirioberfalzer.cz\/wp-content\/uploads\/2025\/05\/Bez-nazvu_compressed-4-300x225.jpg\" alt=\"\" width=\"300\" height=\"225\" srcset=\"https:\/\/jirioberfalzer.cz\/wp-content\/uploads\/2025\/05\/Bez-nazvu_compressed-4-300x225.jpg 300w, https:\/\/jirioberfalzer.cz\/wp-content\/uploads\/2025\/05\/Bez-nazvu_compressed-4-768x576.jpg 768w, https:\/\/jirioberfalzer.cz\/wp-content\/uploads\/2025\/05\/Bez-nazvu_compressed-4.jpg 1000w\" sizes=\"auto, (max-width: 300px) 100vw, 300px\" \/><\/a>Bylo mi ct\u00ed, spole\u010dn\u011b s b\u00fdval\u00fdmi politick\u00fdmi v\u011bzni, s p\u0159\u00edbuzn\u00fdmi, p\u0159\u00e1teli a dal\u0161\u00edmi hosty p\u0159ipomenout si ob\u011bti komunismu a uct\u00edt jejich pam\u00e1tku u Pam\u00e1tn\u00edku ob\u011bt\u00ed komunismu v are\u00e1lu h\u0159bitova\u00a0 u krematoria v Praze-Motole. V proslovu jsem uvedl:<\/p>\n<p>Doba budov\u00e1n\u00ed sv\u011btl\u00fdch z\u00edt\u0159k\u016f pat\u0159\u00ed k nejtemn\u011bj\u0161\u00edm epoch\u00e1m na\u0161\u00ed minulosti. Za\u010d\u00edn\u00e1 vzne\u0161en\u00fdmi ide\u00e1ly a kon\u010d\u00ed u masov\u00fdch hrob\u016f.<\/p>\n<p>Ka\u017ed\u00e1 utopie nar\u00e1\u017e\u00ed na p\u0159irozen\u00e9 lidsk\u00e9 limity. Nelze toti\u017e za\u0159\u00eddit, aby byli v\u0161ichni stejn\u011b spokojeni, budou-li m\u00edt v\u0161ichni stejn\u011b jako ostatn\u00ed. Nelze za\u0159\u00eddit, aby se pot\u0159eby jednoho ka\u017ed\u00e9ho ve\u0161ly do stejn\u00fdch dimenz\u00ed. Toho lze dos\u00e1hnout jen ve v\u011bdeckofantastick\u00e9 literatu\u0159e. Re\u00e1ln\u00fd sv\u011bt je v\u0161ak nekone\u010dn\u011b rozmanit\u00fd. Se\u0161n\u011brovat jej do jednoho \u201epr\u016fmyslov\u00e9ho\u201c vzoru lze jen n\u00e1sil\u00edm.<\/p>\n<p>A to jsme u j\u00e1dra probl\u00e9mu: Marx navrhoval jeho \u0159e\u0161en\u00ed \u201ediktaturou proletari\u00e1tu\u201c. Kdy m\u00e1 za\u010d\u00edt, to rozhodne revoluce. Ale kdy m\u00e1 skon\u010dit?! Podle Marxe, a\u017e bude vybudov\u00e1n komunismus. A\u00a0to se zat\u00edm nikomu nepoda\u0159ilo. Nejbl\u00ed\u017e jsou mo\u017en\u00e1 v\u00a0Severn\u00ed Koreji, ani tam v\u0161ak nemaj\u00ed v\u0161ichni stejn\u011b a u\u017e v\u016fbec ne podle sv\u00fdch pot\u0159eb.<\/p>\n<p>Mysl\u00edm, \u017ee dnes u\u017e v\u00edme s\u00a0jistotou, \u017ee komunismus je zcestn\u00e1 my\u0161lenka a ve sv\u00e9 podstat\u011b dokonce i zr\u016fdn\u00e1.<\/p>\n<p>To nic nem\u011bn\u00ed na jej\u00ed l\u00e1kavosti. Pr\u00e1v\u011b d\u00edky jej\u00edmu (dovolte mi \u0159\u00edci) dream appealu \u017eije dosud. V\u0161imn\u011bme si, \u017ee i v\u00a0sou\u010dasn\u00e9 ve\u0159ejn\u00e9 debat\u011b zazn\u00edvaj\u00ed n\u00e1zory, \u017ee je nespravedliv\u00e9, kdy\u017e m\u00e1 n\u011bkdo v\u00edce byt\u016f a jin\u00fd \u017e\u00e1dn\u00fd. Touha po materi\u00e1ln\u00ed rovnosti je asi v\u011bt\u0161in\u011b populace vlastn\u00ed. Ta touha ov\u0161em nezahrnuje \u00fasil\u00ed, odvahu a n\u00e1mahu, kter\u00e1 k\u00a0tou\u017eebn\u00e9mu c\u00edli vede a nebere v\u00a0\u00favahu ani individu\u00e1ln\u00ed p\u0159edpoklady.<\/p>\n<p>Budov\u00e1n\u00ed komunismu si u n\u00e1s \u017e\u00e1dalo, aby rovnost byla opravdu co nejd\u016fsledn\u011bj\u0161\u00ed. A tak bylo t\u0159eba zahubit prosperuj\u00edc\u00ed sedl\u00e1ky, tov\u00e1rny, zav\u0159\u00edt mal\u00e9 \u017eivnosti, uml\u010det svobodomysln\u00e9 intelektu\u00e1ly, zdecimovat invenci jednotlivc\u016f, v\u010detn\u011b jejich t\u0159eba i jedine\u010dn\u00fdch vyn\u00e1lez\u016f. A\u00a0samoz\u0159ejm\u011b za\u0161lapat do zem\u011b jakoukoli nespr\u00e1vnou v\u00edru, potla\u010dit n\u00e1bo\u017eenstv\u00ed jako takov\u00e9. Diktatura se s\u00a0nik\u00fdm nemazl\u00ed, a \u201ekdy\u017e se k\u00e1c\u00ed les, l\u00edtaj\u00ed t\u0159\u00edsky okolo,\u201c \u0159\u00edkali n\u00e1m ve \u0161kole.<\/p>\n<p>A tak n\u00e1m komunismus nad\u011blil jednu ho\u0159ko-smutnou p\u0159\u00edle\u017eitost, potk\u00e1vat se nad hroby hrdin\u016f u pam\u00e1tn\u00edk\u016f osob, kter\u00e9 mu st\u00e1ly v\u00a0cest\u011b a vzp\u011b\u010dovaly se tomu masov\u00e9mu soci\u00e1ln\u00edmu in\u017een\u00fdrstv\u00ed a ideologick\u00e9mu \u0161\u00edlenstv\u00ed. V\u00a0t\u011bch hrobech jsou i docela oby\u010dejn\u00ed lid\u00e9, kte\u0159\u00ed v\u011b\u0159ili v\u00a0p\u0159irozenou rozmanitost \u017eivota a cht\u011bli ji \u017e\u00edt, anebo se jen necht\u011bli vzd\u00e1t v\u00edry sv\u00fdch otc\u016f.<\/p>\n<p>My\u0161lenka spole\u010dnosti spravedliv\u00e9 je jist\u011b \u017e\u00e1douc\u00ed, ale d\u00e1vejme si pozor na to, kdo n\u00e1m tu spravedlnost ur\u010duje, zda bere v\u00a0\u00favahu i na\u0161i vlastn\u00ed p\u0159edstavu a za jakou cenu j\u00ed chce dos\u00e1hnout, pota\u017emo kolik ob\u011bt\u00ed k jej\u00edmu nastolen\u00ed \u017e\u00e1d\u00e1.<\/p>\n<p>Poku\u0161en\u00ed ke zjedn\u00e1n\u00ed \u201edobra\u201c jednoho mustru se st\u00e1le vzn\u00e1\u0161\u00ed v\u00a0na\u0161em politick\u00e9m prostoru a stra\u0161idlo komunismu d\u00e1l obch\u00e1z\u00ed Evropou o to v\u00edc, o\u010d m\u00e9n\u011b \u017eij\u00edc\u00edch si pamatuje jeho skute\u010dnou podobu.<\/p>\n<p>Vzdejme hold ob\u011btem zlo\u010dinn\u00e9ho komunistick\u00e9ho re\u017eimu, nezapome\u0148me na jejich utrpen\u00ed a pokusme se u\u010dinit to nejlep\u0161\u00ed ve smyslu jejich odkazu: nedopus\u0165me, aby se zv\u011brstva, kter\u00e1 je p\u0159ipravila o d\u016fstojnost a o vlastn\u00ed \u017eivot, je\u0161t\u011b n\u011bkdy opakovala!<\/p>\n","protected":false},"excerpt":{"rendered":"<p>Bylo mi ct\u00ed, spole\u010dn\u011b s b\u00fdval\u00fdmi politick\u00fdmi v\u011bzni, s p\u0159\u00edbuzn\u00fdmi, p\u0159\u00e1teli a dal\u0161\u00edmi hosty p\u0159ipomenout si ob\u011bti komunismu a uct\u00edt jejich pam\u00e1tku u Pam\u00e1tn\u00edku ob\u011bt\u00ed komunismu v are\u00e1lu h\u0159bitova\u00a0 u krematoria v Praze-Motole. V&#46;&#46;&#46;<\/p>\n","protected":false},"author":2,"featured_media":3228,"comment_status":"closed","ping_status":"closed","sticky":false,"template":"","format":"standard","meta":{"footnotes":""},"categories":[3],"tags":[],"class_list":["post-3227","post","type-post","status-publish","format-standard","has-post-thumbnail","hentry","category-udalosti-a-komentare"],"_links":{"self":[{"href":"https:\/\/jirioberfalzer.cz\/index.php?rest_route=\/wp\/v2\/posts\/3227","targetHints":{"allow":["GET"]}}],"collection":[{"href":"https:\/\/jirioberfalzer.cz\/index.php?rest_route=\/wp\/v2\/posts"}],"about":[{"href":"https:\/\/jirioberfalzer.cz\/index.php?rest_route=\/wp\/v2\/types\/post"}],"author":[{"embeddable":true,"href":"https:\/\/jirioberfalzer.cz\/index.php?rest_route=\/wp\/v2\/users\/2"}],"replies":[{"embeddable":true,"href":"https:\/\/jirioberfalzer.cz\/index.php?rest_route=%2Fwp%2Fv2%2Fcomments&post=3227"}],"version-history":[{"count":1,"href":"https:\/\/jirioberfalzer.cz\/index.php?rest_route=\/wp\/v2\/posts\/3227\/revisions"}],"predecessor-version":[{"id":3229,"href":"https:\/\/jirioberfalzer.cz\/index.php?rest_route=\/wp\/v2\/posts\/3227\/revisions\/3229"}],"wp:featuredmedia":[{"embeddable":true,"href":"https:\/\/jirioberfalzer.cz\/index.php?rest_route=\/wp\/v2\/media\/3228"}],"wp:attachment":[{"href":"https:\/\/jirioberfalzer.cz\/index.php?rest_route=%2Fwp%2Fv2%2Fmedia&parent=3227"}],"wp:term":[{"taxonomy":"category","embeddable":true,"href":"https:\/\/jirioberfalzer.cz\/index.php?rest_route=%2Fwp%2Fv2%2Fcategories&post=3227"},{"taxonomy":"post_tag","embeddable":true,"href":"https:\/\/jirioberfalzer.cz\/index.php?rest_route=%2Fwp%2Fv2%2Ftags&post=3227"}],"curies":[{"name":"wp","href":"https:\/\/api.w.org\/{rel}","templated":true}]}}