{"id":3217,"date":"2025-05-22T12:24:34","date_gmt":"2025-05-22T11:24:34","guid":{"rendered":"https:\/\/jirioberfalzer.cz\/?p=3217"},"modified":"2025-05-22T12:24:34","modified_gmt":"2025-05-22T11:24:34","slug":"mistopredseda-senatu-oberfalzer-zlevnit-energie-pomuze-ceskemu-prumyslu-reforma-povolenek-a-zachovani-sobestacnosti-ve-vyrobe-elektriny","status":"publish","type":"post","link":"https:\/\/jirioberfalzer.cz\/?p=3217","title":{"rendered":"M\u00edstop\u0159edseda Sen\u00e1tu Oberfalzer: Zlevnit energie pom\u016f\u017ee \u010desk\u00e9mu pr\u016fmyslu reforma povolenek a zachov\u00e1n\u00ed sob\u011bsta\u010dnosti ve v\u00fdrob\u011b elekt\u0159iny"},"content":{"rendered":"<p><em><a href=\"https:\/\/jirioberfalzer.cz\/wp-content\/uploads\/2025\/05\/Bez-nazvu_compressed.jpg\"><img loading=\"lazy\" decoding=\"async\" class=\"aligncenter size-medium wp-image-3218\" src=\"https:\/\/jirioberfalzer.cz\/wp-content\/uploads\/2025\/05\/Bez-nazvu_compressed-300x199.jpg\" alt=\"\" width=\"300\" height=\"199\" srcset=\"https:\/\/jirioberfalzer.cz\/wp-content\/uploads\/2025\/05\/Bez-nazvu_compressed-300x199.jpg 300w, https:\/\/jirioberfalzer.cz\/wp-content\/uploads\/2025\/05\/Bez-nazvu_compressed-768x509.jpg 768w, https:\/\/jirioberfalzer.cz\/wp-content\/uploads\/2025\/05\/Bez-nazvu_compressed.jpg 996w\" sizes=\"auto, (max-width: 300px) 100vw, 300px\" \/><\/a>\u201eV prvn\u00ed \u0159ad\u011b je na \u010dase p\u0159iznat firm\u00e1m i dom\u00e1cnostem, \u017ee neslev\u00edme-li z\u00a0ambici\u00f3zn\u00edch klimatick\u00fdch c\u00edl\u016f, energie nebudou levn\u00e9, a to jedin\u00e9, co n\u00e1m zb\u00fdv\u00e1, je za\u0159\u00eddit, aby nebyly extr\u00e9mn\u011b drah\u00e9. Ob\u00e1v\u00e1m se, \u017ee Clean Industrial Deal navr\u017een\u00fd Evropskou komis\u00ed je jen kosmetickou \u00fapravou Green Dealu a povede sp\u00ed\u0161 k\u00a0dal\u0161\u00edmu zdra\u017eov\u00e1n\u00ed. Chceme-li \u010desk\u00e9mu pr\u016fmyslu skute\u010dn\u011b zajistit p\u0159ijateln\u00e9 ceny, mus\u00edme pohnout s\u00a0emisn\u00ed povolenkou a z\u00e1rove\u0148 ud\u011blat v\u0161e pro to, abychom z\u016fstali na n\u00e1rodn\u00ed \u00farovni pokud mo\u017eno sob\u011bsta\u010dn\u00ed ve v\u00fdrob\u011b elekt\u0159iny. Pokud se n\u00e1m nepoda\u0159\u00ed rychle vybudovat nov\u00e9 \u0159iditeln\u00e9 zdroje, mus\u00edme zpomalit odchod od uhl\u00ed,\u201c\u00a0<\/em>sd\u011blil m\u00edstop\u0159edseda Sen\u00e1tu\u00a0<strong>Ji\u0159\u00ed Oberfalzer<\/strong>.<\/p>\n<p><em>\u201eZat\u00edmco Francouz\u016fm se d\u00edky jadern\u00e9mu programu v\u00a080. letech poda\u0159ilo srazit pod\u00edl fosiln\u00edch paliv na v\u00fdrob\u011b elekt\u0159iny z 55,5 % na pouh\u00fdch 9,5 %, n\u011bmeck\u00e1 Energiewende v\u00a0letech 2000-2023 sn\u00ed\u017eila tent\u00fd\u017e parametr z\u00a064 na 46 %. Nov\u00e9 jadern\u00e9 bloky n\u00e1m pochopiteln\u011b energie nijak z\u00e1zra\u010dn\u011b nezlevn\u00ed, ale pomohou zm\u00edrnit d\u011bsiv\u00e9 deficity hroz\u00edc\u00ed po odchodu od uhl\u00ed, a t\u00edm i zachovat \u010cesku schopnost cenotvorby na trhu s elekt\u0159inou,\u201c<\/em>\u00a0vysv\u011btlil sen\u00e1tor\u00a0<strong>Tom\u00e1\u0161 T\u0159etina<\/strong>.<\/p>\n<p><em>\u201eV sou\u010dasn\u00e9 dob\u011b m\u00e1me 40 % elekt\u0159iny z uhl\u00ed. Opravdu jsme p\u0159esv\u011bd\u010deni o tom, \u017ee jsme schopni tento pod\u00edl rychle nahradit? Jednou nejsp\u00ed\u0161 ano, ale dokud se n\u00e1m to nepoda\u0159\u00ed, m\u011bli bychom si na mezin\u00e1rodn\u00ed \u00farovni vyjednat nejr\u016fzn\u011bj\u0161\u00ed v\u00fdjimky, abychom zachovali akceschopnost \u010ceska,\u201c<\/em>\u00a0doplnil sen\u00e1tor\u00a0<strong>Martin \u010cerv\u00ed\u010dek<\/strong>.<\/p>\n<p><em>\u201eCeny energi\u00ed se budou do zna\u010dn\u00e9 m\u00edry odv\u00edjet od toho, jak budeme \u00fasp\u011b\u0161n\u00ed v\u00a0pln\u011bn\u00ed dvou dom\u00e1c\u00edch \u00fakol\u016f, kter\u00e9 m\u00e1me v\u00a0souvislosti s\u00a0koncem uhl\u00ed: vyu\u017e\u00edt \u010d\u00e1st krajiny po t\u011b\u017eb\u011b k\u00a0rozvoji modern\u00ed energetiky a zajistit n\u00e1hradu ve v\u00fdrob\u011b elekt\u0159iny a tepla. Budeme-li v\u0161ak napl\u0148ovat miln\u00edky Green Dealu a Fit for 55, tak se ob\u00e1v\u00e1m, \u017ee to, po \u010dem vol\u00e1 n\u00e1zev t\u00e9to konference, tedy\u00a0levn\u00e9 energie pro \u010desk\u00fd pr\u016fmysl, opravdu m\u00edt nebudeme,\u201c<\/em>\u00a0\u0159ekl sen\u00e1tor\u00a0<strong>Jan Paparega\u00a0<\/strong>(akt. k 21. 5.).<\/p>\n<p><em>\u201eTlak na reformu emisn\u00edch povolenek je na\u0161e priorita. Je t\u0159eba p\u0159edev\u0161\u00edm zav\u00e9st cenov\u00e9 stropy, vylou\u010dit z obchodov\u00e1n\u00ed spekulanty, kte\u0159\u00ed v\u016fbec nevypou\u0161t\u011bj\u00ed emise CO2, a tak\u00e9 ochr\u00e1nit energeticky n\u00e1ro\u010dn\u00fd pr\u016fmysl, tedy v\u00fdrobu oceli, cementu, plast\u016f a hnojiv. V \u010desk\u00fdch klimatick\u00fdch podm\u00ednk\u00e1ch n\u00e1s obnoviteln\u00e9 zdroje energie (OZE), kter\u00e9 vn\u00edm\u00e1m jako vhodn\u00fd dopl\u0148kov\u00fd zdroj, nespas\u00ed. P\u0159i zapo\u010dten\u00ed akumulace pak OZE nevych\u00e1z\u00ed ani jako nejlevn\u011bj\u0161\u00ed zdroj,\u201c<\/em>\u00a0dodal\u00a0n\u00e1m\u011bstek ministra pr\u016fmyslu a obchodu\u00a0<strong>Martin Fr\u00e9lich<\/strong>.<\/p>\n<p>V\u00a0druh\u00e9m bloku si sen\u00e1to\u0159i a pozvan\u00ed host\u00e9 vyslechli odborn\u00e9 p\u0159edn\u00e1\u0161ky od expert\u016f na energetiku a pr\u016fmysl. Gener\u00e1ln\u00ed \u0159editel \u010cesk\u00e9 elektroenergetick\u00e9 p\u0159enosov\u00e9 soustavy (\u010cEPS)\u00a0<strong>Martin Dur\u010d\u00e1k<\/strong>\u00a0vysv\u011btlil, jak funguje trh s\u00a0elekt\u0159inou:<em>\u00a0\u201eEvropsk\u00e1 hodnocen\u00ed provozovatel\u016f p\u0159enosov\u00fdch soustav ukazuj\u00ed, \u017ee trh je v\u00a0evropsk\u00e9 energetice z\u00e1sadn\u00ed pro udr\u017een\u00ed stability. V\u00a0sou\u010dasnosti se v\u0161ak pot\u00fdk\u00e1 s d\u016fsledky \u0161patn\u011b nastaven\u00fdch mimotr\u017en\u00edch mechanism\u016f. To vytv\u00e1\u0159\u00ed v\u00a0cel\u00e9m sektoru nejistotu, kter\u00e1 nep\u0159eje velk\u00fdm soukrom\u00fdm investic\u00edm. Nov\u00e9 podp\u016frn\u00e9 mechanismy je t\u0159eba nyn\u00ed nastavit tak, aby nedeformovaly tr\u017en\u00ed sign\u00e1ly.\u201c<\/em><\/p>\n<p>Dopady odchodu od uhl\u00ed na ceny elekt\u0159iny a tepla nast\u00ednil prezident skupiny Sev.en \u010cesk\u00e1 energie\u00a0<strong>Lubo\u0161 Pavlas<\/strong>. O dekarbonizaci t\u011b\u017ek\u00e9ho pr\u016fmyslu pohovo\u0159il gener\u00e1ln\u00ed \u0159editel T\u0159ineck\u00fdch \u017eelez\u00e1ren\u00a0<strong>Roman Heide<\/strong>. Semin\u00e1\u0159 uzav\u0159el b\u00fdval\u00fd \u010dlen bankovn\u00ed rady \u010cesk\u00e9 n\u00e1rodn\u00ed banky\u00a0<strong>Lubom\u00edr L\u00edzal<\/strong>\u00a0zamy\u0161len\u00edm nad r\u016fzn\u00fdmi cestami, jejich\u017e c\u00edlem jsou pr\u00e1v\u011b levn\u00e9 energie pro \u010desk\u00fd pr\u016fmysl.<\/p>\n","protected":false},"excerpt":{"rendered":"<p>20. kv\u011btna 2025, Praha. Semin\u00e1\u0159 s n\u00e1zvem \u201eLevn\u00e9 energie pro \u010desk\u00fd pr\u016fmysl\u201c uspo\u0159\u00e1dal v Jednac\u00edm s\u00e1le horn\u00ed komory jej\u00ed m\u00edstop\u0159edseda Ji\u0159\u00ed Oberfalzer ve spolupr\u00e1ci se sen\u00e1tory Tom\u00e1\u0161em T\u0159etinou, Martinem \u010cerv\u00ed\u010dkem a Janem Paparegou. Semin\u00e1\u0159 p\u0159inesl z\u00e1v\u011bry, \u017ee zm\u011bnit syst\u00e9m evropsk\u00e9ho obchodov\u00e1n\u00ed s emisn\u00edmi povolenkami je z\u00e1sadn\u00edm, ale rozhodn\u011b ne jedin\u00fdm krokem na cest\u011b za levn\u011bj\u0161\u00edmi energiemi pro \u010desk\u00fd pr\u016fmysl. Spoustu dal\u0161\u00edch opat\u0159en\u00ed m\u016f\u017eeme ud\u011blat i sami na n\u00e1rodn\u00ed \u00farovni, p\u0159edev\u0161\u00edm udr\u017eet sob\u011bsta\u010dnost ve v\u00fdrob\u011b elekt\u0159iny. Evropskou komis\u00ed navr\u017een\u00fd Clean Industrial Deal naopak povede k dal\u0161\u00edmu zdra\u017eov\u00e1n\u00ed, shodli se \u00fa\u010dastn\u00edci diskuze.<\/p>\n","protected":false},"author":2,"featured_media":3218,"comment_status":"closed","ping_status":"closed","sticky":false,"template":"","format":"standard","meta":{"footnotes":""},"categories":[16],"tags":[],"class_list":["post-3217","post","type-post","status-publish","format-standard","has-post-thumbnail","hentry","category-ze-senatu"],"_links":{"self":[{"href":"https:\/\/jirioberfalzer.cz\/index.php?rest_route=\/wp\/v2\/posts\/3217","targetHints":{"allow":["GET"]}}],"collection":[{"href":"https:\/\/jirioberfalzer.cz\/index.php?rest_route=\/wp\/v2\/posts"}],"about":[{"href":"https:\/\/jirioberfalzer.cz\/index.php?rest_route=\/wp\/v2\/types\/post"}],"author":[{"embeddable":true,"href":"https:\/\/jirioberfalzer.cz\/index.php?rest_route=\/wp\/v2\/users\/2"}],"replies":[{"embeddable":true,"href":"https:\/\/jirioberfalzer.cz\/index.php?rest_route=%2Fwp%2Fv2%2Fcomments&post=3217"}],"version-history":[{"count":1,"href":"https:\/\/jirioberfalzer.cz\/index.php?rest_route=\/wp\/v2\/posts\/3217\/revisions"}],"predecessor-version":[{"id":3219,"href":"https:\/\/jirioberfalzer.cz\/index.php?rest_route=\/wp\/v2\/posts\/3217\/revisions\/3219"}],"wp:featuredmedia":[{"embeddable":true,"href":"https:\/\/jirioberfalzer.cz\/index.php?rest_route=\/wp\/v2\/media\/3218"}],"wp:attachment":[{"href":"https:\/\/jirioberfalzer.cz\/index.php?rest_route=%2Fwp%2Fv2%2Fmedia&parent=3217"}],"wp:term":[{"taxonomy":"category","embeddable":true,"href":"https:\/\/jirioberfalzer.cz\/index.php?rest_route=%2Fwp%2Fv2%2Fcategories&post=3217"},{"taxonomy":"post_tag","embeddable":true,"href":"https:\/\/jirioberfalzer.cz\/index.php?rest_route=%2Fwp%2Fv2%2Ftags&post=3217"}],"curies":[{"name":"wp","href":"https:\/\/api.w.org\/{rel}","templated":true}]}}