{"id":3213,"date":"2025-03-11T14:42:00","date_gmt":"2025-03-11T13:42:00","guid":{"rendered":"https:\/\/jirioberfalzer.cz\/?p=3213"},"modified":"2025-03-11T14:42:00","modified_gmt":"2025-03-11T13:42:00","slug":"smutecni-rec-pri-poslednim-rozlouceni-s-exsenatorem-kolegou-jirim-liskou-6-3-2025","status":"publish","type":"post","link":"https:\/\/jirioberfalzer.cz\/?p=3213","title":{"rendered":"Smute\u010dn\u00ed \u0159e\u010d p\u0159i posledn\u00edm rozlou\u010den\u00ed s exsen\u00e1torem kolegou Ji\u0159\u00edm Li\u0161kou 6. 3. 2025"},"content":{"rendered":"<p><a href=\"https:\/\/jirioberfalzer.cz\/wp-content\/uploads\/2025\/03\/J.-Liska-umrti-2025.png\"><img loading=\"lazy\" decoding=\"async\" class=\"aligncenter size-medium wp-image-3214\" src=\"https:\/\/jirioberfalzer.cz\/wp-content\/uploads\/2025\/03\/J.-Liska-umrti-2025-273x300.png\" alt=\"\" width=\"273\" height=\"300\" srcset=\"https:\/\/jirioberfalzer.cz\/wp-content\/uploads\/2025\/03\/J.-Liska-umrti-2025-273x300.png 273w, https:\/\/jirioberfalzer.cz\/wp-content\/uploads\/2025\/03\/J.-Liska-umrti-2025.png 605w\" sizes=\"auto, (max-width: 273px) 100vw, 273px\" \/><\/a>V\u00e1\u017een\u00e1 pan\u00ed Zuzano, v\u00e1\u017een\u00ed smute\u010dn\u00ed host\u00e9,<br \/>\ndovolte mi vzpomenout na vz\u00e1cn\u00e9ho mu\u017ee Ji\u0159\u00edho Li\u0161ku z pozice jeho dlouholet\u00e9ho kolegy a politick\u00e9ho souputn\u00edka v Sen\u00e1tu Parlamentu \u010cesk\u00e9 republiky.<br \/>\nJi\u0159\u00ed Li\u0161ka byl sen\u00e1torem cel\u00fdch 14 let, od roku 1996 do roku 2010. Byl zvolen hned v prvn\u00edch sen\u00e1tn\u00edch volb\u00e1ch v roce 1996 na dvoulet\u00e9 funk\u010dn\u00ed obdob\u00ed. Sv\u016fj mand\u00e1t pak obh\u00e1jil je\u0161t\u011b v roce 1998 a 2004.<br \/>\nV roce 2002 se stal p\u0159edsedou klubu ODS na dvoulet\u00e9 funk\u010dn\u00ed obdob\u00ed. V roce 2004 byl zvolen m\u00edstop\u0159edsedou Sen\u00e1tu, byl j\u00edm celkem po 3 dvoulet\u00e1 funk\u010dn\u00ed obdob\u00ed.<br \/>\nVe sv\u00e9m sen\u00e1torsk\u00e9m p\u016fsoben\u00ed si zvolil jako hlavn\u00ed t\u00e9ma vyrovn\u00e1n\u00ed s komunistickou minulost\u00ed. Jako by p\u0159evzal \u0161tafetu od sv\u00e9ho sen\u00e1torsk\u00e9ho kolegy V\u00e1clava Bendy, kter\u00fd p\u0159ed\u010dasn\u011b zem\u0159el v roce 1999.<br \/>\nArchivy represivn\u00edch slo\u017eek komunistick\u00e9ho re\u017eimu byly na po\u010d\u00e1tku tis\u00edcilet\u00ed prakticky nedostupn\u00e9. \u00da\u0159ad dokumentace a vy\u0161et\u0159ov\u00e1n\u00ed zlo\u010din\u016f komunismu skom\u00edral na \u00fabyt\u011b. Spole\u010dnost se zaj\u00edmala o v\u0161e mo\u017en\u00e9, jen ne o svou minulost, jako by cht\u011bla zapomenout.<br \/>\nJirkovi se vytrvalou a c\u00edlev\u011bdomou prac\u00ed poda\u0159ilo ustavit z\u00e1konem novou pam\u011b\u0165ovou instituci: \u00dastav pro studium totalitn\u00edch re\u017eim\u016f. Byl to v historii Sen\u00e1tu ojedin\u011bl\u00fd \u00fasp\u011bch. Prosazen\u00ed z\u00e1kona trvalo 3 roky a nar\u00e1\u017eelo na zna\u010dn\u00fd odpor levicov\u00fdch politick\u00fdch sil.<br \/>\nD\u00edky Ji\u0159\u00edho z\u00e1konod\u00e1rn\u00e9 iniciativ\u011b byl tedy nakonec v roce 2007 z\u00e1kon o \u00daSTR schv\u00e1len. Od t\u00e9 chv\u00edle se prakticky v\u0161echny archiv\u00e1lie represivn\u00edch slo\u017eek n\u011bkdej\u0161\u00edho komunistick\u00e9ho st\u00e1tu soust\u0159edily do nov\u011b vytvo\u0159en\u00e9ho Archivu bezpe\u010dnostn\u00edch slo\u017eek.<br \/>\nPrakticky vz\u00e1p\u011bt\u00ed, je\u0161t\u011b v roce 2008 za\u010dal Ji\u0159\u00ed pracovat na dal\u0161\u00edm t\u00e9matu. Na d\u016fstojn\u00e9m od\u0161kodn\u011bn\u00ed n\u011bkter\u00fdch ob\u011bt\u00ed okupace \u010ceskoslovenska vojsky Var\u0161avsk\u00e9 smlouvy. Do t\u00e9 doby z\u00e1kony p\u0159izn\u00e1valy pouze hrazen\u00ed v\u00fd\u017eivn\u00e9ho v p\u0159\u00edpad\u011b \u00famrt\u00ed a bolestn\u00e9ho za \u00fajmu na zdrav\u00ed.<br \/>\nV t\u00e9m\u017ee roce se pustil do dal\u0161\u00edho t\u011b\u017ek\u00e9ho politick\u00e9ho boje za prosazen\u00ed z\u00e1kona o t\u0159et\u00edm \u010dili protikomunistick\u00e9m, odboji. Dosavadn\u00ed pam\u011b\u0165ov\u00e9 z\u00e1kony myslely na zm\u00edrn\u011bn\u00ed nejr\u016fzn\u011bj\u0161\u00edch \u0161kod, kter\u00e9 komunismus nap\u00e1chal. Na uzn\u00e1n\u00ed \u010di ocen\u011bn\u00ed \u0159ady state\u010dn\u00fdch lid\u00ed, kte\u0159\u00ed vzdorovali totalit\u011b, se ale jaksi nedost\u00e1valo. To t\u011b\u017ece nesli zejm\u00e9na b\u00fdval\u00ed politi\u010dt\u00ed v\u011bzni.<br \/>\nJirka vysly\u0161el tyto opr\u00e1vn\u011bn\u00e9 stesky a pr\u00e1vn\u00ed normu p\u0159ipravil. \u201eJeho\u201c z\u00e1kon sice Poslaneck\u00e1 sn\u011bmovna nesta\u010dila schv\u00e1lit, ale v dal\u0161\u00edm volebn\u00edm obdob\u00ed si jej osvojila a jako z\u00e1kon \u201eo \u00fa\u010dastn\u00edc\u00edch odboje a odporu proti komunismu\u201c byl op\u011btovn\u011b p\u0159edlo\u017een a nakonec i schv\u00e1len.<br \/>\nKdo jenom trochu zn\u00e1 \u0159evnivost mezi Sen\u00e1tem a Poslaneckou sn\u011bmovnou, ne\u0159kuli nevra\u017eivost nemal\u00e9 \u010d\u00e1sti politick\u00e9ho spektra k pam\u011b\u0165ov\u00e9 agend\u011b, v\u00ed, \u017ee na jednoho sen\u00e1tora je to opravdu \u00factyhodn\u00fd v\u00fdkon. V historii novodob\u00e9ho Sen\u00e1tu nejsp\u00ed\u0161 nem\u00e1 obdoby.<br \/>\nP\u0159itom Jirka Li\u0161ka jako by se sv\u00fdm naturelem do politick\u00e9ho kolbi\u0161t\u011b nehodil. M\u011blo by tomu v\u0161ak b\u00fdt naopak, pot\u0159ebovali bychom v\u00edce takov\u00fdch lid\u00ed do ve\u0159ejn\u00e9ho \u017eivota. Byl to nesm\u00edrn\u011b vl\u00eddn\u00fd a laskav\u00fd \u010dlov\u011bk. Neroz\u010diloval se, nek\u0159i\u010del, nebouchal do stolu. I odporovat um\u011bl vl\u00eddn\u011b a\u017e laskav\u011b, ale za sv\u00fdm n\u00e1zorem st\u00e1l pevn\u011b. Sm\u011b\u0159oval ti\u0161e a trp\u011bliv\u011b k vyt\u010den\u00e9mu c\u00edli. T\u00edm c\u00edlem v\u017edy byla v\u011bc sama nikoli uzn\u00e1n\u00ed, ve\u0159ejn\u00fd potlesk \u010di jak\u00e9koli vedlej\u0161\u00ed efekty.<br \/>\nJirka Li\u0161ka m\u011bl \u00fa\u017easn\u00fd p\u0159ehled i nadhled, nejr\u016fzn\u011bj\u0161\u00edm politick\u00fdm hr\u00e1tk\u00e1m se jen potuteln\u011b usm\u00edval. Vyza\u0159oval z n\u011bj klid a rozvaha, co\u017e s sebou neslo ohromnou autoritu, kterou po\u017e\u00edval v\u0161ude tam, kde p\u016fsobil, kam p\u0159i\u0161el, kde jednal.<br \/>\nKe sv\u00e9mu legislativn\u00edmu d\u00edt\u011bti \u2013 \u00dastavu pro studium totalitn\u00edch re\u017eim\u016f \u2013 se po letech vr\u00e1til. Od prosince 2017 byl \u010dlenem Rady \u00daSTR a po p\u011btilet\u00e9m mand\u00e1tu byl zvolen opakovan\u011b. Rada \u00fastavu jeho odchodem utrp\u011bla velkou r\u00e1nu. P\u0159i\u0161la o \u010dlov\u011bka, kter\u00e9mu v\u017edy \u0161lo zejm\u00e9na o jeho prav\u00e9 posl\u00e1n\u00ed.<br \/>\n\u0158\u00edk\u00e1 se, \u017ee nikdo nen\u00ed nenahraditeln\u00fd. Mo\u017en\u00e1 je to pravda, pokud jde o funkce, po\u010dty nebo specializaci. Pokud v\u0161ak jde o lidstv\u00ed, empatii, odpov\u011bdnost, oby\u010dejnou \u017eivotn\u00ed moudrost a laskavost, je to podle m\u011b jinak. T\u011bch nen\u00ed nikdy dost a odchod ka\u017ed\u00e9ho, kdo jimi opl\u00fdv\u00e1, je nenahraditelnou ztr\u00e1tou.<br \/>\nJirko, s tebou n\u00e1m ode\u0161la tv\u00e1 erudice, trp\u011blivost, tich\u00e1 a p\u0159itom siln\u00e1 v\u016fle, p\u0159\u00e1telstv\u00ed a shov\u00edvavost.<br \/>\nTv\u016fj vzor n\u00e1m ale z\u016fst\u00e1v\u00e1.<br \/>\nD\u011bkujeme, \u017ee jsme mohli po n\u011bjak\u00fd \u010das pob\u00fdvat v tv\u00e9 bl\u00edzkosti.<br \/>\nB\u016fh t\u011b prov\u00e1zej.<\/p>\n","protected":false},"excerpt":{"rendered":"<p>M\u00edstop\u0159edseda Sen\u00e1tu J. Oberfalzer pronesl na \u017e\u00e1dost rodiny smute\u010dn\u00ed \u0159e\u010d p\u0159i posledn\u00edm rozlou\u010den\u00ed s b\u00fdval\u00fdm kolegou MVDr. Ji\u0159\u00edm Li\u0161kou, kter\u00fd zem\u0159el dne 1. 3. 2025 ve v\u011bku 75 let.<\/p>\n","protected":false},"author":2,"featured_media":3214,"comment_status":"closed","ping_status":"closed","sticky":false,"template":"","format":"standard","meta":{"footnotes":""},"categories":[3],"tags":[],"class_list":["post-3213","post","type-post","status-publish","format-standard","has-post-thumbnail","hentry","category-udalosti-a-komentare"],"_links":{"self":[{"href":"https:\/\/jirioberfalzer.cz\/index.php?rest_route=\/wp\/v2\/posts\/3213","targetHints":{"allow":["GET"]}}],"collection":[{"href":"https:\/\/jirioberfalzer.cz\/index.php?rest_route=\/wp\/v2\/posts"}],"about":[{"href":"https:\/\/jirioberfalzer.cz\/index.php?rest_route=\/wp\/v2\/types\/post"}],"author":[{"embeddable":true,"href":"https:\/\/jirioberfalzer.cz\/index.php?rest_route=\/wp\/v2\/users\/2"}],"replies":[{"embeddable":true,"href":"https:\/\/jirioberfalzer.cz\/index.php?rest_route=%2Fwp%2Fv2%2Fcomments&post=3213"}],"version-history":[{"count":1,"href":"https:\/\/jirioberfalzer.cz\/index.php?rest_route=\/wp\/v2\/posts\/3213\/revisions"}],"predecessor-version":[{"id":3215,"href":"https:\/\/jirioberfalzer.cz\/index.php?rest_route=\/wp\/v2\/posts\/3213\/revisions\/3215"}],"wp:featuredmedia":[{"embeddable":true,"href":"https:\/\/jirioberfalzer.cz\/index.php?rest_route=\/wp\/v2\/media\/3214"}],"wp:attachment":[{"href":"https:\/\/jirioberfalzer.cz\/index.php?rest_route=%2Fwp%2Fv2%2Fmedia&parent=3213"}],"wp:term":[{"taxonomy":"category","embeddable":true,"href":"https:\/\/jirioberfalzer.cz\/index.php?rest_route=%2Fwp%2Fv2%2Fcategories&post=3213"},{"taxonomy":"post_tag","embeddable":true,"href":"https:\/\/jirioberfalzer.cz\/index.php?rest_route=%2Fwp%2Fv2%2Ftags&post=3213"}],"curies":[{"name":"wp","href":"https:\/\/api.w.org\/{rel}","templated":true}]}}