{"id":3210,"date":"2025-02-25T13:23:37","date_gmt":"2025-02-25T12:23:37","guid":{"rendered":"https:\/\/jirioberfalzer.cz\/?p=3210"},"modified":"2025-02-25T13:23:37","modified_gmt":"2025-02-25T12:23:37","slug":"mistopredseda-senatu-j-oberfalzer-studenti-jsou-klicovou-spolecenskou-silou-ktera-se-mobilizuje-kdyz-je-svoboda-ohrozena","status":"publish","type":"post","link":"https:\/\/jirioberfalzer.cz\/?p=3210","title":{"rendered":"M\u00edstop\u0159edseda Sen\u00e1tu J. Oberfalzer: Studenti jsou kl\u00ed\u010dovou spole\u010denskou silou, kter\u00e1 se mobilizuje, kdy\u017e je svoboda ohro\u017eena"},"content":{"rendered":"<p><em><a href=\"https:\/\/jirioberfalzer.cz\/wp-content\/uploads\/2025\/02\/Nerudovka-2025_compressed.jpg\"><img loading=\"lazy\" decoding=\"async\" class=\"aligncenter size-medium wp-image-3211\" src=\"https:\/\/jirioberfalzer.cz\/wp-content\/uploads\/2025\/02\/Nerudovka-2025_compressed-300x200.jpg\" alt=\"\" width=\"300\" height=\"200\" srcset=\"https:\/\/jirioberfalzer.cz\/wp-content\/uploads\/2025\/02\/Nerudovka-2025_compressed-300x200.jpg 300w, https:\/\/jirioberfalzer.cz\/wp-content\/uploads\/2025\/02\/Nerudovka-2025_compressed-1024x683.jpg 1024w, https:\/\/jirioberfalzer.cz\/wp-content\/uploads\/2025\/02\/Nerudovka-2025_compressed-768x512.jpg 768w, https:\/\/jirioberfalzer.cz\/wp-content\/uploads\/2025\/02\/Nerudovka-2025_compressed.jpg 1443w\" sizes=\"auto, (max-width: 300px) 100vw, 300px\" \/><\/a>\u201eStudenti, tak jako n\u011bkolikr\u00e1t p\u0159edt\u00edm a mnohokr\u00e1t potom, uk\u00e1zali, \u017ee jsou kl\u00ed\u010dovou a mimo\u0159\u00e1dn\u011b vn\u00edmavou spole\u010denskou silou, kter\u00e1 se mobilizuje v\u017edy, kdy\u017e doch\u00e1z\u00ed k ohro\u017een\u00ed svobody. \u017de jsou v\u00fdznamnou nepolitickou, n\u00fdbr\u017e ob\u010danskou slo\u017ekou, kter\u00e1 je hotova br\u00e1nit demokracii ve st\u00e1t\u011b p\u0159ed ohro\u017een\u00edm jej\u00ed povahy a kvality\u201c<\/em>, \u0159ekl v\u00a0projevu m\u00edstop\u0159edseda Sen\u00e1tu <strong>Ji\u0159\u00ed Oberfalzer<\/strong> a dodal: <em>\u201eD\u011bkuji \u00fa\u010dastn\u00edk\u016fm Pochodu student\u016f na Hrad, \u017ee n\u00e1m dali skv\u011bl\u00fd p\u0159\u00edklad ob\u010dansk\u00e9 anga\u017eovanosti ve prosp\u011bch dobra n\u00e1roda i lidstva. A p\u0159eji si spolu se v\u0161emi, aby tento odkaz nebyl zapomenut, ale hrd\u011b n\u00e1sledov\u00e1n.\u201c<\/em><\/p>\n<p><em>\u00a0<\/em>S\u00a0projevy d\u00e1le vystoupili: m\u00edstop\u0159edseda Pra\u017esk\u00e9ho akademick\u00e9ho klubu 48\u00a0<strong>Jakub Ko\u017e\u00ed\u0161ek<\/strong>, projektov\u00e1 mana\u017eerka Mezin\u00e1rodn\u00edho festivalu Mene Tekel\u00a0<strong>Daniela \u0158e\u0159ichov\u00e1<\/strong>, pam\u011btn\u00edk a \u00fa\u010dastn\u00edk studentsk\u00e9ho pochodu <strong>Anton\u00edn Kyncl<\/strong>, za rektory v\u0161ech 4 vysok\u00fdch \u0161kol promluvil rektor Vysok\u00e9 \u0161koly ekonomick\u00e9 <strong>Petr Dvo\u0159\u00e1k<\/strong>\u00a0a projev m\u011bla tak\u00e9 \u010dlenka p\u0159edsednictva Studentsk\u00e9 komory Rady vysok\u00fdch \u0161kol\u00a0<strong>Jindra Lavren\u010d\u00edkov\u00e1<\/strong>.<\/p>\n<p>Duchovn\u00ed promluvu pot\u00e9 pronesl emeritn\u00ed arcibiskup pra\u017esk\u00fd kardin\u00e1l\u00a0<strong>Dominik Duka<\/strong>. Za Sen\u00e1t se pietn\u00edho aktu z\u00fa\u010dastnili rovn\u011b\u017e p\u0159edseda sen\u00e1torsk\u00e9ho klubu ODS a TOP 09 <strong>Zden\u011bk Nytra<\/strong>, p\u0159edseda St\u00e1l\u00e9 komise pro sd\u011blovac\u00ed prost\u0159edky <strong>David Smoljak<\/strong>, p\u0159edseda hospod\u00e1\u0159sk\u00e9ho v\u00fdboru <strong>Miroslav Plevn\u00fd<\/strong>, m\u00edstop\u0159edseda evropsk\u00e9ho v\u00fdboru <strong>Petr \u0160t\u011bp\u00e1nek<\/strong>, sen\u00e1torka <strong>Miroslava N\u011bmcov\u00e1<\/strong> a sen\u00e1to\u0159i <strong>Miroslav Kroc<\/strong>, <strong>Jan Pirk<\/strong> a <strong>Martin Bedn\u00e1\u0159<\/strong>.<\/p>\n<p>Vzpom\u00ednkov\u00e9 akce se z\u00fa\u010dastnil rovn\u011b\u017e emeritn\u00ed p\u0159edseda Sen\u00e1tu\u00a0<strong>Petr Pithart<\/strong>, kter\u00fd se p\u0159ed 22 lety spolu s p\u0159\u00edm\u00fdm \u00fa\u010dastn\u00edkem pochodu Zde\u0148kem Boh\u00e1\u010dem zaslou\u017eil o vznik pam\u011btn\u00ed desky a pietn\u00edho m\u00edsta v\u00a0Nerudov\u011b ulici.<\/p>\n<p>Pietn\u00ed shrom\u00e1\u017ed\u011bn\u00ed p\u0159ipomn\u011blo ud\u00e1losti p\u0159ed 77 lety \u2013 25. \u00fanora 1948, kdy Nerudovou ulic\u00ed v\u00a0Praze proch\u00e1zel mohutn\u00fd studentsk\u00fd pr\u016fvod, sm\u011b\u0159uj\u00edc\u00ed na Pra\u017esk\u00fd hrad, aby otev\u0159en\u011b vyj\u00e1d\u0159il podporu prezidentu Edvardu Bene\u0161ovi, svobod\u011b a demokracii.<\/p>\n<p>Sou\u010d\u00e1st\u00ed p\u0159ipom\u00ednky t\u00e9to v\u00fdznamn\u00e9 ud\u00e1losti byla i <a href=\"https:\/\/pak48.cz\/clanky\/2025\/02\/23\/nez-prislo-ticho-studenti-v-unoru-1948\/\">interaktivn\u00ed v\u00fdstava<\/a> v\u00a0kav\u00e1rn\u011b Kaf\u00e9 &amp; hrnky v\u00a0Nerudov\u011b ulici. N\u00e1v\u0161t\u011bvn\u00edci tam mohli zhl\u00e9dnout shrnut\u00ed \u00fanorov\u00fdch ud\u00e1lost\u00ed roku 1948, medailonky pam\u011btn\u00edk\u016f \u010di informace o tom, jak\u00e9 n\u00e1sledky m\u011bl pochod za svobodu pro studenty.<\/p>\n","protected":false},"excerpt":{"rendered":"<p>M\u00edstop\u0159edseda Sen\u00e1tu Ji\u0159\u00ed Oberfalzer si dnes dopoledne spole\u010dn\u011b s dal\u0161\u00edmi \u010dleny sen\u00e1torsk\u00e9ho sboru Miroslavou N\u011bmcovou, Zde\u0148kem Nytrou, Miroslavem Plevn\u00fdm, Davidem Smoljakem, Petrem \u0160t\u011bp\u00e1nkem, Miroslavem Krocem, Janem Pirkem a Martinem Bedn\u00e1\u0159em p\u0159ipomn\u011bli 77. v\u00fdro\u010d\u00ed pochodu student\u016f za svobodu a demokracii na Pra\u017esk\u00fd hrad v roce 1948. Pietn\u00ed shrom\u00e1\u017ed\u011bn\u00ed u pam\u011btn\u00ed desky Sen\u00e1tu v Nerudov\u011b ulici v Praze se uskute\u010dnilo ve spolupr\u00e1ci s Pra\u017esk\u00fdm akademick\u00fdm klubem 48 a mezin\u00e1rodn\u00edm projektem Mene Tekel.<\/p>\n","protected":false},"author":2,"featured_media":3211,"comment_status":"closed","ping_status":"closed","sticky":false,"template":"","format":"standard","meta":{"footnotes":""},"categories":[3],"tags":[],"class_list":["post-3210","post","type-post","status-publish","format-standard","has-post-thumbnail","hentry","category-udalosti-a-komentare"],"_links":{"self":[{"href":"https:\/\/jirioberfalzer.cz\/index.php?rest_route=\/wp\/v2\/posts\/3210","targetHints":{"allow":["GET"]}}],"collection":[{"href":"https:\/\/jirioberfalzer.cz\/index.php?rest_route=\/wp\/v2\/posts"}],"about":[{"href":"https:\/\/jirioberfalzer.cz\/index.php?rest_route=\/wp\/v2\/types\/post"}],"author":[{"embeddable":true,"href":"https:\/\/jirioberfalzer.cz\/index.php?rest_route=\/wp\/v2\/users\/2"}],"replies":[{"embeddable":true,"href":"https:\/\/jirioberfalzer.cz\/index.php?rest_route=%2Fwp%2Fv2%2Fcomments&post=3210"}],"version-history":[{"count":1,"href":"https:\/\/jirioberfalzer.cz\/index.php?rest_route=\/wp\/v2\/posts\/3210\/revisions"}],"predecessor-version":[{"id":3212,"href":"https:\/\/jirioberfalzer.cz\/index.php?rest_route=\/wp\/v2\/posts\/3210\/revisions\/3212"}],"wp:featuredmedia":[{"embeddable":true,"href":"https:\/\/jirioberfalzer.cz\/index.php?rest_route=\/wp\/v2\/media\/3211"}],"wp:attachment":[{"href":"https:\/\/jirioberfalzer.cz\/index.php?rest_route=%2Fwp%2Fv2%2Fmedia&parent=3210"}],"wp:term":[{"taxonomy":"category","embeddable":true,"href":"https:\/\/jirioberfalzer.cz\/index.php?rest_route=%2Fwp%2Fv2%2Fcategories&post=3210"},{"taxonomy":"post_tag","embeddable":true,"href":"https:\/\/jirioberfalzer.cz\/index.php?rest_route=%2Fwp%2Fv2%2Ftags&post=3210"}],"curies":[{"name":"wp","href":"https:\/\/api.w.org\/{rel}","templated":true}]}}