{"id":3197,"date":"2025-02-11T14:21:34","date_gmt":"2025-02-11T13:21:34","guid":{"rendered":"https:\/\/jirioberfalzer.cz\/?p=3197"},"modified":"2025-02-11T14:22:05","modified_gmt":"2025-02-11T13:22:05","slug":"v-byvalem-zamku-ve-tmani-funguje-domov-pro-seniory","status":"publish","type":"post","link":"https:\/\/jirioberfalzer.cz\/?p=3197","title":{"rendered":"V b\u00fdval\u00e9m z\u00e1mku ve Tmani funguje domov pro seniory"},"content":{"rendered":"<p><a href=\"https:\/\/jirioberfalzer.cz\/wp-content\/uploads\/2025\/02\/Bez-nazvu_compressed-2.jpg\"><img loading=\"lazy\" decoding=\"async\" class=\"aligncenter size-medium wp-image-3199\" src=\"https:\/\/jirioberfalzer.cz\/wp-content\/uploads\/2025\/02\/Bez-nazvu_compressed-2-300x225.jpg\" alt=\"\" width=\"300\" height=\"225\" srcset=\"https:\/\/jirioberfalzer.cz\/wp-content\/uploads\/2025\/02\/Bez-nazvu_compressed-2-300x225.jpg 300w, https:\/\/jirioberfalzer.cz\/wp-content\/uploads\/2025\/02\/Bez-nazvu_compressed-2-768x576.jpg 768w, https:\/\/jirioberfalzer.cz\/wp-content\/uploads\/2025\/02\/Bez-nazvu_compressed-2.jpg 1000w\" sizes=\"auto, (max-width: 300px) 100vw, 300px\" \/><\/a>Nen\u00ed to tak d\u00e1vno, co jsem se byl pod\u00edvat na are\u00e1l zch\u00e1tral\u00e9ho z\u00e1mku s\u00a0\u0161esti hospod\u00e1\u0159sk\u00fdmi budovami v\u00a0obci Tma\u0148 na Berounsku, kter\u00fd se spole\u010dnost Senlife sna\u017eila zachr\u00e1nit a prom\u011bnit v\u00a0domov pro seniory. V \u201eboji\u201c s\u00a0pam\u00e1tk\u00e1\u0159i jsem jim tenkr\u00e1t byl n\u00e1pomocen, a jak jsem vid\u011bl p\u0159i v\u010derej\u0161\u00ed n\u00e1v\u0161t\u011bv\u011b, z\u00a0hospod\u00e1\u0159sk\u00fdch budov se b\u011bhem obdivuhodn\u011b kr\u00e1tk\u00e9 doby opravdu stal \u00fatuln\u00fd domov pro seniory \u2013 pro ty, kte\u0159\u00ed jsou je\u0161t\u011b relativn\u011b sob\u011bsta\u010dn\u00ed, ale pot\u0159ebuj\u00ed n\u011bjakou pomoc, nap\u0159\u00edklad s hygienou a dal\u0161\u00edmi denn\u00edmi \u00fakony. Je zde tak\u00e9 domov se zvl\u00e1\u0161tn\u00edm re\u017eimem pro klienty s\u00a0Alzheimerovou chorobou nebo s n\u011bjakou formou demence. Recepce tvo\u0159\u00ed d\u00edky propojen\u00ed s kav\u00e1rnou \u017eiv\u00e9 a p\u0159\u00edjemn\u00e9 prost\u0159ed\u00ed pro posezen\u00ed a v\u00a0domov\u011b je cel\u00e1 \u0159ada prostor pro spole\u010dn\u00e9 cvi\u010den\u00ed a nejr\u016fzn\u011bj\u0161\u00ed \u010dinnosti a akce. Domov nab\u00edz\u00ed 150 m\u00edst a kolem 60 pracovn\u00edch m\u00edst z \u0159ad pe\u010dovatel\u016f, zdravotn\u00edch sester a sanit\u00e1\u0159\u016f. Jsem r\u00e1d, \u017ee se poda\u0159ilo zachovat r\u00e1z budov, a z\u00e1rove\u0148 vytvo\u0159it funk\u010dn\u00ed a p\u0159\u00edv\u011btiv\u00e9 prost\u0159ed\u00ed s modern\u00edm vybaven\u00edm. Nav\u00edc je zde uplatn\u011bn funk\u010dn\u00ed koncept, kter\u00fd m\u00e1 \u017eivot v domov\u011b v\u00edce propojovat s t\u00edm v obci. Tomu d\u00e1le napom\u016f\u017ee, jak m\u011b v\u00a0doprovodu pana starosty Tman\u011b J. Fr\u00fchlinga informoval provozn\u00ed \u0159editel L. Dr\u00e1sta, \u00faprava z\u00e1meck\u00e9ho parku a smyslupln\u00e9 vyu\u017eit\u00ed dal\u0161\u00edch budov. Pr\u00e1ce tedy zdaleka nen\u00ed u konce a douf\u00e1m, \u017ee se majitel\u016fm ve spolupr\u00e1ci s\u00a0obc\u00ed bude da\u0159it uskute\u010d\u0148ovat dal\u0161\u00ed pl\u00e1ny stejn\u011b rychle a \u00fasp\u011b\u0161n\u011b.<\/p>\n","protected":false},"excerpt":{"rendered":"<p>Are\u00e1l ch\u00e1traj\u00edc\u00edho z\u00e1mku ve Tmani se prom\u011bnil v \u00fatuln\u00fd domov senior\u016f.<\/p>\n","protected":false},"author":2,"featured_media":3199,"comment_status":"closed","ping_status":"closed","sticky":false,"template":"","format":"standard","meta":{"footnotes":""},"categories":[2],"tags":[],"class_list":["post-3197","post","type-post","status-publish","format-standard","has-post-thumbnail","hentry","category-z-regionu"],"_links":{"self":[{"href":"https:\/\/jirioberfalzer.cz\/index.php?rest_route=\/wp\/v2\/posts\/3197","targetHints":{"allow":["GET"]}}],"collection":[{"href":"https:\/\/jirioberfalzer.cz\/index.php?rest_route=\/wp\/v2\/posts"}],"about":[{"href":"https:\/\/jirioberfalzer.cz\/index.php?rest_route=\/wp\/v2\/types\/post"}],"author":[{"embeddable":true,"href":"https:\/\/jirioberfalzer.cz\/index.php?rest_route=\/wp\/v2\/users\/2"}],"replies":[{"embeddable":true,"href":"https:\/\/jirioberfalzer.cz\/index.php?rest_route=%2Fwp%2Fv2%2Fcomments&post=3197"}],"version-history":[{"count":2,"href":"https:\/\/jirioberfalzer.cz\/index.php?rest_route=\/wp\/v2\/posts\/3197\/revisions"}],"predecessor-version":[{"id":3201,"href":"https:\/\/jirioberfalzer.cz\/index.php?rest_route=\/wp\/v2\/posts\/3197\/revisions\/3201"}],"wp:featuredmedia":[{"embeddable":true,"href":"https:\/\/jirioberfalzer.cz\/index.php?rest_route=\/wp\/v2\/media\/3199"}],"wp:attachment":[{"href":"https:\/\/jirioberfalzer.cz\/index.php?rest_route=%2Fwp%2Fv2%2Fmedia&parent=3197"}],"wp:term":[{"taxonomy":"category","embeddable":true,"href":"https:\/\/jirioberfalzer.cz\/index.php?rest_route=%2Fwp%2Fv2%2Fcategories&post=3197"},{"taxonomy":"post_tag","embeddable":true,"href":"https:\/\/jirioberfalzer.cz\/index.php?rest_route=%2Fwp%2Fv2%2Ftags&post=3197"}],"curies":[{"name":"wp","href":"https:\/\/api.w.org\/{rel}","templated":true}]}}