{"id":3161,"date":"2024-05-03T12:43:44","date_gmt":"2024-05-03T11:43:44","guid":{"rendered":"https:\/\/jirioberfalzer.cz\/?p=3161"},"modified":"2024-08-19T12:51:55","modified_gmt":"2024-08-19T11:51:55","slug":"diplomy-pro-absolventy-virtualni-univerzity-3-veku-v-beroune","status":"publish","type":"post","link":"https:\/\/jirioberfalzer.cz\/?p=3161","title":{"rendered":"Diplomy pro absolventy Virtu\u00e1ln\u00ed univerzity 3. v\u011bku v Beroun\u011b"},"content":{"rendered":"<p><a href=\"https:\/\/jirioberfalzer.cz\/wp-content\/uploads\/2024\/08\/Univerzita-3.-veku-Beroun-2024.jpg\"><img loading=\"lazy\" decoding=\"async\" class=\"aligncenter size-medium wp-image-3162\" src=\"https:\/\/jirioberfalzer.cz\/wp-content\/uploads\/2024\/08\/Univerzita-3.-veku-Beroun-2024-300x200.jpg\" alt=\"\" width=\"300\" height=\"200\" srcset=\"https:\/\/jirioberfalzer.cz\/wp-content\/uploads\/2024\/08\/Univerzita-3.-veku-Beroun-2024-300x200.jpg 300w, https:\/\/jirioberfalzer.cz\/wp-content\/uploads\/2024\/08\/Univerzita-3.-veku-Beroun-2024-1024x683.jpg 1024w, https:\/\/jirioberfalzer.cz\/wp-content\/uploads\/2024\/08\/Univerzita-3.-veku-Beroun-2024-768x512.jpg 768w, https:\/\/jirioberfalzer.cz\/wp-content\/uploads\/2024\/08\/Univerzita-3.-veku-Beroun-2024-1536x1024.jpg 1536w, https:\/\/jirioberfalzer.cz\/wp-content\/uploads\/2024\/08\/Univerzita-3.-veku-Beroun-2024.jpg 2048w\" sizes=\"auto, (max-width: 300px) 100vw, 300px\" \/><\/a>M\u011bstsk\u00e1 knihovna Beroun je od roku 2015 konzulta\u010dn\u00edm st\u0159ediskem VU3V Provozn\u011b ekonomick\u00e9 fakulty \u010cZU v Praze. Letos m\u011bla tu \u010dest spolupo\u0159\u00e1dat Z\u00e1v\u011bre\u010dn\u00fd semin\u00e1\u0159 \u2013 spole\u010denskou akci, b\u011bhem kter\u00e9 se se\u0161lo p\u0159es 130 student\u016f z 16 konzulta\u010dn\u00edch st\u0159edisek a slavnostn\u011b zakon\u010dili uplynul\u00fd semestr. Pan m\u00edstop\u0159edseda Oberfalzer byl r\u00e1d \u010destn\u00fdm hostem a p\u0159edal absolvent\u016fm jejich diplomy. Setkal se p\u0159i t\u00e9 p\u0159\u00edle\u017eitosti i s m\u00edstop\u0159edsedou Poslaneck\u00e9 sn\u011bmovny Janem Skope\u010dkem, p\u0159edstaviteli m\u011bsta Berouna a vedouc\u00edm St\u00e1tn\u00edho okresn\u00edho archivu Beroun Mgr. Ji\u0159\u00edm Topinkou. Kr\u00e1sn\u00e9 dekorace na p\u00f3diu vytvo\u0159ily SO\u0160 a SOU Beroun-Hlinky. Po slavnostn\u00edm ceremoni\u00e1lu si mohli \u00fa\u010dastn\u00edci vychutnat tane\u010dn\u00ed vystoupen\u00ed Baletn\u00ed \u0161koly Terezie Dudov\u00e9 a odpoledne n\u00e1sledoval pestr\u00fd program v Muzeum \u010cesk\u00e9ho krasu. P\u0159\u00edjemn\u00fd den.<\/p>\n","protected":false},"excerpt":{"rendered":"<p>Slavnostn\u00ed zakon\u010den\u00ed semestru VU3V Provozn\u011b ekonomick\u00e9 fakulty \u010cZU se konalo v Beroun\u011b<\/p>\n","protected":false},"author":2,"featured_media":3162,"comment_status":"closed","ping_status":"closed","sticky":false,"template":"","format":"standard","meta":{"footnotes":""},"categories":[3],"tags":[],"class_list":["post-3161","post","type-post","status-publish","format-standard","has-post-thumbnail","hentry","category-udalosti-a-komentare"],"_links":{"self":[{"href":"https:\/\/jirioberfalzer.cz\/index.php?rest_route=\/wp\/v2\/posts\/3161","targetHints":{"allow":["GET"]}}],"collection":[{"href":"https:\/\/jirioberfalzer.cz\/index.php?rest_route=\/wp\/v2\/posts"}],"about":[{"href":"https:\/\/jirioberfalzer.cz\/index.php?rest_route=\/wp\/v2\/types\/post"}],"author":[{"embeddable":true,"href":"https:\/\/jirioberfalzer.cz\/index.php?rest_route=\/wp\/v2\/users\/2"}],"replies":[{"embeddable":true,"href":"https:\/\/jirioberfalzer.cz\/index.php?rest_route=%2Fwp%2Fv2%2Fcomments&post=3161"}],"version-history":[{"count":1,"href":"https:\/\/jirioberfalzer.cz\/index.php?rest_route=\/wp\/v2\/posts\/3161\/revisions"}],"predecessor-version":[{"id":3163,"href":"https:\/\/jirioberfalzer.cz\/index.php?rest_route=\/wp\/v2\/posts\/3161\/revisions\/3163"}],"wp:featuredmedia":[{"embeddable":true,"href":"https:\/\/jirioberfalzer.cz\/index.php?rest_route=\/wp\/v2\/media\/3162"}],"wp:attachment":[{"href":"https:\/\/jirioberfalzer.cz\/index.php?rest_route=%2Fwp%2Fv2%2Fmedia&parent=3161"}],"wp:term":[{"taxonomy":"category","embeddable":true,"href":"https:\/\/jirioberfalzer.cz\/index.php?rest_route=%2Fwp%2Fv2%2Fcategories&post=3161"},{"taxonomy":"post_tag","embeddable":true,"href":"https:\/\/jirioberfalzer.cz\/index.php?rest_route=%2Fwp%2Fv2%2Ftags&post=3161"}],"curies":[{"name":"wp","href":"https:\/\/api.w.org\/{rel}","templated":true}]}}