{"id":3160,"date":"2024-08-04T13:05:14","date_gmt":"2024-08-04T12:05:14","guid":{"rendered":"https:\/\/jirioberfalzer.cz\/?p=3160"},"modified":"2024-08-19T13:15:05","modified_gmt":"2024-08-19T12:15:05","slug":"v-suchomastech-slavnostne-otevreli-zvonici-ze-16-stoleti","status":"publish","type":"post","link":"https:\/\/jirioberfalzer.cz\/?p=3160","title":{"rendered":"V Suchomastech slavnostn\u011b otev\u0159eli zvonici ze 16. stolet\u00ed"},"content":{"rendered":"<p><a href=\"https:\/\/jirioberfalzer.cz\/wp-content\/uploads\/2024\/08\/Borek-Suchomasty-zvonice-2024-scaled.jpg\"><img loading=\"lazy\" decoding=\"async\" class=\"aligncenter size-medium wp-image-3167\" src=\"https:\/\/jirioberfalzer.cz\/wp-content\/uploads\/2024\/08\/Borek-Suchomasty-zvonice-2024-300x169.jpg\" alt=\"\" width=\"300\" height=\"169\" srcset=\"https:\/\/jirioberfalzer.cz\/wp-content\/uploads\/2024\/08\/Borek-Suchomasty-zvonice-2024-300x169.jpg 300w, https:\/\/jirioberfalzer.cz\/wp-content\/uploads\/2024\/08\/Borek-Suchomasty-zvonice-2024-1024x576.jpg 1024w, https:\/\/jirioberfalzer.cz\/wp-content\/uploads\/2024\/08\/Borek-Suchomasty-zvonice-2024-768x432.jpg 768w, https:\/\/jirioberfalzer.cz\/wp-content\/uploads\/2024\/08\/Borek-Suchomasty-zvonice-2024-1536x864.jpg 1536w, https:\/\/jirioberfalzer.cz\/wp-content\/uploads\/2024\/08\/Borek-Suchomasty-zvonice-2024-2048x1152.jpg 2048w\" sizes=\"auto, (max-width: 300px) 100vw, 300px\" \/><\/a>Po t\u0159ech letech n\u00e1ro\u010dn\u00e9 pr\u00e1ce se obci Suchomasty v \u010dele se starostkou Ivou Kinclovou poda\u0159ilo probudit k \u017eivotu historickou zvonici na Borku. Z jej\u00ed iniciativy p\u0159e\u0161la do majetku obce, po rekonstrukci je ozdobou okol\u00ed a po 30 letech se do n\u00ed navr\u00e1til zvon Prokop z r. 1517. Z okoln\u00edho zarostl\u00e9ho pozemku se st\u00e1v\u00e1 skv\u011bl\u00e9 m\u00edsto pro setk\u00e1v\u00e1n\u00ed lid\u00ed a pro odpo\u010dinek v p\u0159\u00edrod\u011b s kr\u00e1sn\u00fdm rozhledem po krajin\u011b. Takov\u00e9 iniciativy m\u00edstop\u0159edseda J. Oberfalzer ve sv\u00e9m regionu podporuje a r\u00e1d je v\u017edy podpo\u0159\u00ed.<\/p>\n","protected":false},"excerpt":{"rendered":"<p>Zvonice na Borku ze 16. stolet\u00ed slavnostn\u011b otev\u0159ena po n\u00e1ro\u010dn\u00e9m jedn\u00e1n\u00ed a rekonstrukci<\/p>\n","protected":false},"author":2,"featured_media":3167,"comment_status":"closed","ping_status":"closed","sticky":false,"template":"","format":"standard","meta":{"footnotes":""},"categories":[1,2],"tags":[],"class_list":["post-3160","post","type-post","status-publish","format-standard","has-post-thumbnail","hentry","category-nezarazene","category-z-regionu"],"_links":{"self":[{"href":"https:\/\/jirioberfalzer.cz\/index.php?rest_route=\/wp\/v2\/posts\/3160","targetHints":{"allow":["GET"]}}],"collection":[{"href":"https:\/\/jirioberfalzer.cz\/index.php?rest_route=\/wp\/v2\/posts"}],"about":[{"href":"https:\/\/jirioberfalzer.cz\/index.php?rest_route=\/wp\/v2\/types\/post"}],"author":[{"embeddable":true,"href":"https:\/\/jirioberfalzer.cz\/index.php?rest_route=\/wp\/v2\/users\/2"}],"replies":[{"embeddable":true,"href":"https:\/\/jirioberfalzer.cz\/index.php?rest_route=%2Fwp%2Fv2%2Fcomments&post=3160"}],"version-history":[{"count":1,"href":"https:\/\/jirioberfalzer.cz\/index.php?rest_route=\/wp\/v2\/posts\/3160\/revisions"}],"predecessor-version":[{"id":3168,"href":"https:\/\/jirioberfalzer.cz\/index.php?rest_route=\/wp\/v2\/posts\/3160\/revisions\/3168"}],"wp:featuredmedia":[{"embeddable":true,"href":"https:\/\/jirioberfalzer.cz\/index.php?rest_route=\/wp\/v2\/media\/3167"}],"wp:attachment":[{"href":"https:\/\/jirioberfalzer.cz\/index.php?rest_route=%2Fwp%2Fv2%2Fmedia&parent=3160"}],"wp:term":[{"taxonomy":"category","embeddable":true,"href":"https:\/\/jirioberfalzer.cz\/index.php?rest_route=%2Fwp%2Fv2%2Fcategories&post=3160"},{"taxonomy":"post_tag","embeddable":true,"href":"https:\/\/jirioberfalzer.cz\/index.php?rest_route=%2Fwp%2Fv2%2Ftags&post=3160"}],"curies":[{"name":"wp","href":"https:\/\/api.w.org\/{rel}","templated":true}]}}