{"id":3140,"date":"2024-03-13T11:32:16","date_gmt":"2024-03-13T10:32:16","guid":{"rendered":"https:\/\/jirioberfalzer.cz\/?p=3140"},"modified":"2024-03-13T11:32:16","modified_gmt":"2024-03-13T10:32:16","slug":"semifinale-zlaty-amos-2024-urcilo-finalisty","status":"publish","type":"post","link":"https:\/\/jirioberfalzer.cz\/?p=3140","title":{"rendered":"Semifin\u00e1le Zlat\u00fd \u00c1mos 2024 ur\u010dilo finalisty"},"content":{"rendered":"<p><a href=\"https:\/\/jirioberfalzer.cz\/wp-content\/uploads\/2024\/03\/Bez-nazvu_compressed.jpg\"><img loading=\"lazy\" decoding=\"async\" class=\"aligncenter size-medium wp-image-3141\" src=\"https:\/\/jirioberfalzer.cz\/wp-content\/uploads\/2024\/03\/Bez-nazvu_compressed-300x225.jpg\" alt=\"\" width=\"300\" height=\"225\" srcset=\"https:\/\/jirioberfalzer.cz\/wp-content\/uploads\/2024\/03\/Bez-nazvu_compressed-300x225.jpg 300w, https:\/\/jirioberfalzer.cz\/wp-content\/uploads\/2024\/03\/Bez-nazvu_compressed-1024x768.jpg 1024w, https:\/\/jirioberfalzer.cz\/wp-content\/uploads\/2024\/03\/Bez-nazvu_compressed-768x576.jpg 768w, https:\/\/jirioberfalzer.cz\/wp-content\/uploads\/2024\/03\/Bez-nazvu_compressed-1536x1152.jpg 1536w, https:\/\/jirioberfalzer.cz\/wp-content\/uploads\/2024\/03\/Bez-nazvu_compressed.jpg 2000w\" sizes=\"auto, (max-width: 300px) 100vw, 300px\" \/><\/a>Pod z\u00e1\u0161titou pana m\u00edstop\u0159edsedy Sen\u00e1tu Ji\u0159\u00edho Oberfalzera prob\u011bhlo ve Fr\u00fddlantsk\u00e9m salonku v s\u00eddle Sen\u00e1tu semifin\u00e1lov\u00e9 kolo 31. ro\u010dn\u00edku popul\u00e1rn\u00ed ankety o nejobl\u00edben\u011bj\u0161\u00edho u\u010ditele Zlat\u00fd \u00c1mos 2024. Semifinalist\u00e9 se sjeli z cel\u00e9 republiky a p\u0159edstavili ve sv\u00fdch prezentac\u00edch ka\u017ed\u00fd t\u0159i p\u0159edm\u011bty, jimi\u017e je vybavily &#8222;jejich&#8220; d\u011bti a kter\u00e9 m\u011bly symbolizovat jejich vz\u00e1jemn\u00fd vztah a d\u016fvod, pro\u010d pr\u00e1v\u011b je jejich \u017e\u00e1ci nominovali. Na z\u00e1klad\u011b odevzdan\u00fdch hlas\u016f byli pak vybr\u00e1ni finalist\u00e9 &#8211; 2 u\u010ditel\u00e9 a 4 u\u010ditelky, kte\u0159\u00ed se utkaj\u00ed za podpory &#8222;sv\u00fdch&#8220; d\u011bt\u00ed ve fin\u00e1le 22. b\u0159ezna.<\/p>\n","protected":false},"excerpt":{"rendered":"<p>Semifin\u00e1lov\u00e9 kolo ankety o nejobl\u00edben\u011bj\u0161\u00edho u\u010ditele Zlat\u00fd \u00c1mos prob\u011bhlo na p\u016fd\u011b Sen\u00e1tu<\/p>\n","protected":false},"author":2,"featured_media":3141,"comment_status":"closed","ping_status":"closed","sticky":false,"template":"","format":"standard","meta":{"footnotes":""},"categories":[16],"tags":[],"class_list":["post-3140","post","type-post","status-publish","format-standard","has-post-thumbnail","hentry","category-ze-senatu"],"_links":{"self":[{"href":"https:\/\/jirioberfalzer.cz\/index.php?rest_route=\/wp\/v2\/posts\/3140","targetHints":{"allow":["GET"]}}],"collection":[{"href":"https:\/\/jirioberfalzer.cz\/index.php?rest_route=\/wp\/v2\/posts"}],"about":[{"href":"https:\/\/jirioberfalzer.cz\/index.php?rest_route=\/wp\/v2\/types\/post"}],"author":[{"embeddable":true,"href":"https:\/\/jirioberfalzer.cz\/index.php?rest_route=\/wp\/v2\/users\/2"}],"replies":[{"embeddable":true,"href":"https:\/\/jirioberfalzer.cz\/index.php?rest_route=%2Fwp%2Fv2%2Fcomments&post=3140"}],"version-history":[{"count":1,"href":"https:\/\/jirioberfalzer.cz\/index.php?rest_route=\/wp\/v2\/posts\/3140\/revisions"}],"predecessor-version":[{"id":3142,"href":"https:\/\/jirioberfalzer.cz\/index.php?rest_route=\/wp\/v2\/posts\/3140\/revisions\/3142"}],"wp:featuredmedia":[{"embeddable":true,"href":"https:\/\/jirioberfalzer.cz\/index.php?rest_route=\/wp\/v2\/media\/3141"}],"wp:attachment":[{"href":"https:\/\/jirioberfalzer.cz\/index.php?rest_route=%2Fwp%2Fv2%2Fmedia&parent=3140"}],"wp:term":[{"taxonomy":"category","embeddable":true,"href":"https:\/\/jirioberfalzer.cz\/index.php?rest_route=%2Fwp%2Fv2%2Fcategories&post=3140"},{"taxonomy":"post_tag","embeddable":true,"href":"https:\/\/jirioberfalzer.cz\/index.php?rest_route=%2Fwp%2Fv2%2Ftags&post=3140"}],"curies":[{"name":"wp","href":"https:\/\/api.w.org\/{rel}","templated":true}]}}