{"id":3080,"date":"2023-01-24T10:04:38","date_gmt":"2023-01-24T09:04:38","guid":{"rendered":"https:\/\/jirioberfalzer.cz\/?p=3080"},"modified":"2023-03-02T10:10:37","modified_gmt":"2023-03-02T09:10:37","slug":"mistopredseda-oberfalzer-usporadal-seminar-k-novele-volebniho-zakona","status":"publish","type":"post","link":"https:\/\/jirioberfalzer.cz\/?p=3080","title":{"rendered":"M\u00edstop\u0159edseda Oberfalzer uspo\u0159\u00e1dal semin\u00e1\u0159 k novele volebn\u00edho z\u00e1kona"},"content":{"rendered":"<p><a href=\"https:\/\/jirioberfalzer.cz\/wp-content\/uploads\/2023\/03\/Seminar-k-volebnimu-zakonu-2023_compressed.jpg\"><img loading=\"lazy\" decoding=\"async\" class=\"aligncenter size-medium wp-image-3081\" src=\"https:\/\/jirioberfalzer.cz\/wp-content\/uploads\/2023\/03\/Seminar-k-volebnimu-zakonu-2023_compressed-300x200.jpg\" alt=\"\" width=\"300\" height=\"200\" srcset=\"https:\/\/jirioberfalzer.cz\/wp-content\/uploads\/2023\/03\/Seminar-k-volebnimu-zakonu-2023_compressed-300x200.jpg 300w, https:\/\/jirioberfalzer.cz\/wp-content\/uploads\/2023\/03\/Seminar-k-volebnimu-zakonu-2023_compressed-768x512.jpg 768w, https:\/\/jirioberfalzer.cz\/wp-content\/uploads\/2023\/03\/Seminar-k-volebnimu-zakonu-2023_compressed.jpg 930w\" sizes=\"auto, (max-width: 300px) 100vw, 300px\" \/><\/a>Spolu se sen\u00e1torem Petrem \u0160t\u011bp\u00e1nkem p\u0159edkl\u00e1d\u00e1 m\u00edstop\u0159edseda J. Oberfalzer n\u00e1vrh novely z\u00e1kona o volb\u00e1ch do zastupitelstev obc\u00ed. Uspo\u0159\u00e1dal k tomu semin\u00e1\u0159, na n\u011bm\u017e vystoupili mj. doc. Tom\u00e1\u0161 Lebeda, z\u00e1stupci ministerstva vnitra, Statistick\u00e9ho \u00fa\u0159adu \u010cR, Svazu m\u011bst a obc\u00ed, Sdru\u017een\u00ed m\u00edstn\u00edch samospr\u00e1v a \u00fastavn\u00edch pr\u00e1vn\u00edk\u016f.<\/p>\n","protected":false},"excerpt":{"rendered":"<p>Spolu se sen\u00e1torem Petrem \u0160t\u011bp\u00e1nkem p\u0159edkl\u00e1d\u00e1 m\u00edstop\u0159edseda J. Oberfalzer n\u00e1vrh novely z\u00e1kona o volb\u00e1ch do zastupitelstev obc\u00ed. Uspo\u0159\u00e1dal k tomu semin\u00e1\u0159, na n\u011bm\u017e vystoupili mj. doc. Tom\u00e1\u0161 Lebeda, z\u00e1stupci ministerstva vnitra, Statistick\u00e9ho \u00fa\u0159adu \u010cR,&#46;&#46;&#46;<\/p>\n","protected":false},"author":2,"featured_media":3081,"comment_status":"open","ping_status":"open","sticky":false,"template":"","format":"standard","meta":{"footnotes":""},"categories":[16],"tags":[],"class_list":["post-3080","post","type-post","status-publish","format-standard","has-post-thumbnail","hentry","category-ze-senatu"],"_links":{"self":[{"href":"https:\/\/jirioberfalzer.cz\/index.php?rest_route=\/wp\/v2\/posts\/3080","targetHints":{"allow":["GET"]}}],"collection":[{"href":"https:\/\/jirioberfalzer.cz\/index.php?rest_route=\/wp\/v2\/posts"}],"about":[{"href":"https:\/\/jirioberfalzer.cz\/index.php?rest_route=\/wp\/v2\/types\/post"}],"author":[{"embeddable":true,"href":"https:\/\/jirioberfalzer.cz\/index.php?rest_route=\/wp\/v2\/users\/2"}],"replies":[{"embeddable":true,"href":"https:\/\/jirioberfalzer.cz\/index.php?rest_route=%2Fwp%2Fv2%2Fcomments&post=3080"}],"version-history":[{"count":1,"href":"https:\/\/jirioberfalzer.cz\/index.php?rest_route=\/wp\/v2\/posts\/3080\/revisions"}],"predecessor-version":[{"id":3082,"href":"https:\/\/jirioberfalzer.cz\/index.php?rest_route=\/wp\/v2\/posts\/3080\/revisions\/3082"}],"wp:featuredmedia":[{"embeddable":true,"href":"https:\/\/jirioberfalzer.cz\/index.php?rest_route=\/wp\/v2\/media\/3081"}],"wp:attachment":[{"href":"https:\/\/jirioberfalzer.cz\/index.php?rest_route=%2Fwp%2Fv2%2Fmedia&parent=3080"}],"wp:term":[{"taxonomy":"category","embeddable":true,"href":"https:\/\/jirioberfalzer.cz\/index.php?rest_route=%2Fwp%2Fv2%2Fcategories&post=3080"},{"taxonomy":"post_tag","embeddable":true,"href":"https:\/\/jirioberfalzer.cz\/index.php?rest_route=%2Fwp%2Fv2%2Ftags&post=3080"}],"curies":[{"name":"wp","href":"https:\/\/api.w.org\/{rel}","templated":true}]}}