{"id":3064,"date":"2023-01-16T09:25:41","date_gmt":"2023-01-16T08:25:41","guid":{"rendered":"https:\/\/jirioberfalzer.cz\/?p=3064"},"modified":"2023-03-02T09:33:27","modified_gmt":"2023-03-02T08:33:27","slug":"pamatka-jana-palacha","status":"publish","type":"post","link":"https:\/\/jirioberfalzer.cz\/?p=3064","title":{"rendered":"Pam\u00e1tka Jana Palacha"},"content":{"rendered":"<p><a href=\"https:\/\/jirioberfalzer.cz\/wp-content\/uploads\/2023\/03\/Palach-2023-spolecne_compressed.jpg\"><img loading=\"lazy\" decoding=\"async\" class=\"aligncenter size-medium wp-image-3065\" src=\"https:\/\/jirioberfalzer.cz\/wp-content\/uploads\/2023\/03\/Palach-2023-spolecne_compressed-300x242.jpg\" alt=\"\" width=\"300\" height=\"242\" srcset=\"https:\/\/jirioberfalzer.cz\/wp-content\/uploads\/2023\/03\/Palach-2023-spolecne_compressed-300x242.jpg 300w, https:\/\/jirioberfalzer.cz\/wp-content\/uploads\/2023\/03\/Palach-2023-spolecne_compressed.jpg 596w\" sizes=\"auto, (max-width: 300px) 100vw, 300px\" \/><\/a>Jako ka\u017edoro\u010dn\u011b jsme i letos s veden\u00edm Sen\u00e1tu uctili pam\u00e1tku Jana Palacha u jeho pam\u011btn\u00ed desky u N\u00e1rodn\u00edho muzea.<\/p>\n","protected":false},"excerpt":{"rendered":"<p>Jako ka\u017edoro\u010dn\u011b jsme i letos s veden\u00edm Sen\u00e1tu uctili pam\u00e1tku Jana Palacha u jeho pam\u011btn\u00ed desky u N\u00e1rodn\u00edho muzea.<\/p>\n","protected":false},"author":2,"featured_media":3065,"comment_status":"open","ping_status":"open","sticky":false,"template":"","format":"standard","meta":{"footnotes":""},"categories":[3],"tags":[],"class_list":["post-3064","post","type-post","status-publish","format-standard","has-post-thumbnail","hentry","category-udalosti-a-komentare"],"_links":{"self":[{"href":"https:\/\/jirioberfalzer.cz\/index.php?rest_route=\/wp\/v2\/posts\/3064","targetHints":{"allow":["GET"]}}],"collection":[{"href":"https:\/\/jirioberfalzer.cz\/index.php?rest_route=\/wp\/v2\/posts"}],"about":[{"href":"https:\/\/jirioberfalzer.cz\/index.php?rest_route=\/wp\/v2\/types\/post"}],"author":[{"embeddable":true,"href":"https:\/\/jirioberfalzer.cz\/index.php?rest_route=\/wp\/v2\/users\/2"}],"replies":[{"embeddable":true,"href":"https:\/\/jirioberfalzer.cz\/index.php?rest_route=%2Fwp%2Fv2%2Fcomments&post=3064"}],"version-history":[{"count":1,"href":"https:\/\/jirioberfalzer.cz\/index.php?rest_route=\/wp\/v2\/posts\/3064\/revisions"}],"predecessor-version":[{"id":3066,"href":"https:\/\/jirioberfalzer.cz\/index.php?rest_route=\/wp\/v2\/posts\/3064\/revisions\/3066"}],"wp:featuredmedia":[{"embeddable":true,"href":"https:\/\/jirioberfalzer.cz\/index.php?rest_route=\/wp\/v2\/media\/3065"}],"wp:attachment":[{"href":"https:\/\/jirioberfalzer.cz\/index.php?rest_route=%2Fwp%2Fv2%2Fmedia&parent=3064"}],"wp:term":[{"taxonomy":"category","embeddable":true,"href":"https:\/\/jirioberfalzer.cz\/index.php?rest_route=%2Fwp%2Fv2%2Fcategories&post=3064"},{"taxonomy":"post_tag","embeddable":true,"href":"https:\/\/jirioberfalzer.cz\/index.php?rest_route=%2Fwp%2Fv2%2Ftags&post=3064"}],"curies":[{"name":"wp","href":"https:\/\/api.w.org\/{rel}","templated":true}]}}