{"id":3048,"date":"2022-11-10T10:38:58","date_gmt":"2022-11-10T09:38:58","guid":{"rendered":"https:\/\/jirioberfalzer.cz\/?p=3048"},"modified":"2023-05-05T11:56:03","modified_gmt":"2023-05-05T10:56:03","slug":"slavnostni-zahajeni-konference-k-50-vyroci-chko-cesky-kras-v-senatu","status":"publish","type":"post","link":"https:\/\/jirioberfalzer.cz\/?p=3048","title":{"rendered":"Slavnostn\u00ed zah\u00e1jen\u00ed konference k 50. v\u00fdro\u010d\u00ed CHKO \u010cesk\u00fd kras v Sen\u00e1tu"},"content":{"rendered":"<p><a href=\"https:\/\/jirioberfalzer.cz\/wp-content\/uploads\/2022\/11\/Bez-nazvu_compressed-1.jpg\"><img loading=\"lazy\" decoding=\"async\" class=\"aligncenter size-medium wp-image-3049\" src=\"https:\/\/jirioberfalzer.cz\/wp-content\/uploads\/2022\/11\/Bez-nazvu_compressed-1-300x225.jpg\" alt=\"\" width=\"300\" height=\"225\" srcset=\"https:\/\/jirioberfalzer.cz\/wp-content\/uploads\/2022\/11\/Bez-nazvu_compressed-1-300x225.jpg 300w, https:\/\/jirioberfalzer.cz\/wp-content\/uploads\/2022\/11\/Bez-nazvu_compressed-1-768x576.jpg 768w, https:\/\/jirioberfalzer.cz\/wp-content\/uploads\/2022\/11\/Bez-nazvu_compressed-1.jpg 1000w\" sizes=\"auto, (max-width: 300px) 100vw, 300px\" \/><\/a>CHKO \u010cesk\u00fd kras letos slav\u00ed 50. narozeniny. O vzniku CHKO a o tom, co jej\u00edmu vyhl\u00e1\u0161en\u00ed p\u0159edch\u00e1zelo, o ochran\u011b jej\u00edho jedine\u010dn\u00e9ho r\u00e1zu jako\u017e i o mnoha zaj\u00edmavostech a rarit\u00e1ch se hovo\u0159ilo v s\u00eddle Sen\u00e1tu ve Vald\u0161tejnsk\u00e9m pal\u00e1ci p\u0159i slavnostn\u00edm zah\u00e1jen\u00ed konference k v\u00fdro\u010d\u00ed 50 let CHKO, kter\u00e9 ve Vald\u0161tejnsk\u00e9m pal\u00e1ci v s\u00eddle Sen\u00e1tu zorganizoval a za\u0161t\u00edtil m\u00edstop\u0159edseda Ji\u0159\u00ed Oberfalzer. Vedle dal\u0161\u00edch \u0159e\u010dn\u00edk\u016f zde vystoupil pam\u011btn\u00edk, b\u00fdval\u00fd vedouc\u00ed Spr\u00e1vy CHKO Petr Moucha, a tak\u00e9 sou\u010dasn\u00fd vedouc\u00ed Spr\u00e1vy Franti\u0161ek Pojer. Konference pak pokra\u010dovala odbornou \u010d\u00e1st\u00ed ve Svat\u00e9m J\u00e1nu pod Skalou. \u010cesk\u00fd kras je jedine\u010dn\u00fd a je skv\u011bl\u00e9, \u017ee je o n\u011bj \u0159\u00e1dn\u011b a s l\u00e1skou pe\u010dov\u00e1no.<\/p>\n","protected":false},"excerpt":{"rendered":"<p>Za \u00fa\u010dasti zakladatele Spr\u00e1vy CHKO \u010cesk\u00fd kras Petra Mouchy, aktu\u00e1ln\u00edho vedouc\u00edho Spr\u00e1vy Franti\u0161ka Pojera a dal\u0161\u00edch host\u016f byla v Sen\u00e1tu slavnostn\u011b zah\u00e1jena konference k v\u00fdro\u010d\u00ed 50 let CHKO \u010cesk\u00fd kras.<\/p>\n","protected":false},"author":2,"featured_media":3049,"comment_status":"closed","ping_status":"closed","sticky":false,"template":"","format":"standard","meta":{"footnotes":""},"categories":[2],"tags":[],"class_list":["post-3048","post","type-post","status-publish","format-standard","has-post-thumbnail","hentry","category-z-regionu"],"_links":{"self":[{"href":"https:\/\/jirioberfalzer.cz\/index.php?rest_route=\/wp\/v2\/posts\/3048","targetHints":{"allow":["GET"]}}],"collection":[{"href":"https:\/\/jirioberfalzer.cz\/index.php?rest_route=\/wp\/v2\/posts"}],"about":[{"href":"https:\/\/jirioberfalzer.cz\/index.php?rest_route=\/wp\/v2\/types\/post"}],"author":[{"embeddable":true,"href":"https:\/\/jirioberfalzer.cz\/index.php?rest_route=\/wp\/v2\/users\/2"}],"replies":[{"embeddable":true,"href":"https:\/\/jirioberfalzer.cz\/index.php?rest_route=%2Fwp%2Fv2%2Fcomments&post=3048"}],"version-history":[{"count":1,"href":"https:\/\/jirioberfalzer.cz\/index.php?rest_route=\/wp\/v2\/posts\/3048\/revisions"}],"predecessor-version":[{"id":3050,"href":"https:\/\/jirioberfalzer.cz\/index.php?rest_route=\/wp\/v2\/posts\/3048\/revisions\/3050"}],"wp:featuredmedia":[{"embeddable":true,"href":"https:\/\/jirioberfalzer.cz\/index.php?rest_route=\/wp\/v2\/media\/3049"}],"wp:attachment":[{"href":"https:\/\/jirioberfalzer.cz\/index.php?rest_route=%2Fwp%2Fv2%2Fmedia&parent=3048"}],"wp:term":[{"taxonomy":"category","embeddable":true,"href":"https:\/\/jirioberfalzer.cz\/index.php?rest_route=%2Fwp%2Fv2%2Fcategories&post=3048"},{"taxonomy":"post_tag","embeddable":true,"href":"https:\/\/jirioberfalzer.cz\/index.php?rest_route=%2Fwp%2Fv2%2Ftags&post=3048"}],"curies":[{"name":"wp","href":"https:\/\/api.w.org\/{rel}","templated":true}]}}