{"id":3011,"date":"2022-09-08T12:32:37","date_gmt":"2022-09-08T11:32:37","guid":{"rendered":"https:\/\/jirioberfalzer.cz\/?p=3011"},"modified":"2023-05-05T11:55:56","modified_gmt":"2023-05-05T10:55:56","slug":"podporovatele","status":"publish","type":"post","link":"https:\/\/jirioberfalzer.cz\/?p=3011","title":{"rendered":"PODPOROVATEL\u00c9"},"content":{"rendered":"<div dir=\"auto\">\n<div dir=\"auto\"><strong><a href=\"https:\/\/jirioberfalzer.cz\/wp-content\/uploads\/2022\/09\/Vetchy.jpg\"><img loading=\"lazy\" decoding=\"async\" class=\"aligncenter size-medium wp-image-3016\" src=\"https:\/\/jirioberfalzer.cz\/wp-content\/uploads\/2022\/09\/Vetchy-300x225.jpg\" alt=\"\" width=\"300\" height=\"225\" srcset=\"https:\/\/jirioberfalzer.cz\/wp-content\/uploads\/2022\/09\/Vetchy-300x225.jpg 300w, https:\/\/jirioberfalzer.cz\/wp-content\/uploads\/2022\/09\/Vetchy.jpg 720w\" sizes=\"auto, (max-width: 300px) 100vw, 300px\" \/><\/a>Ond\u0159ej Vetch\u00fd, herec:<\/strong><\/div>\n<div dir=\"auto\"><\/div>\n<div dir=\"auto\">&#8222;J\u00e1 jsem Ji\u0159\u00edho Oberfalzera znal u\u017e d\u0159\u00edv jako ve\u0159ejnou osobu, proto\u017ee se o politiku zaj\u00edm\u00e1m cel\u00fd \u017eivot. Vn\u00edmal jsem ho jako \u010dlov\u011bka konzistentn\u00edho, liber\u00e1ln\u00edho konzervativce. Jestli spr\u00e1vn\u011b ch\u00e1pu politiku jako um\u011bn\u00ed jist\u00e9ho konsenzu, tak Jirka Oberfalzer pro m\u011b zt\u011bles\u0148oval politika um\u00edrn\u011bn\u00e9ho, s um\u00edrn\u011bn\u00fdm zp\u016fsobem prosazov\u00e1n\u00ed sv\u00fdch n\u00e1zor\u016f, p\u0159itom je v nich naprosto ne\u00fastupn\u00fd.<\/div>\n<div dir=\"auto\">Osobn\u011b jsem se s n\u00edm poznal p\u0159i nat\u00e1\u010den\u00ed sn\u00edmku Ji\u0159\u00edho Svobody Ra\u0161\u00edn. A to jsem ho poznal jinak. Objevil jsem v n\u011bm lidsk\u00fd rozm\u011br, kter\u00fd mi byl stra\u0161n\u011b p\u0159\u00edjemn\u00fd. Zjistil jsem, \u017ee se s n\u00edm d\u00e1 bavit o v\u0161em, tr\u00e1vili jsme spolu \u010das o p\u0159est\u00e1vk\u00e1ch v nat\u00e1\u010den\u00ed a j\u00e1 jsem se v\u017edycky t\u011b\u0161il, a\u017e bude pauzi\u010dka a budeme si zase moct pov\u00eddat.<\/div>\n<div dir=\"auto\">Mus\u00edm \u0159\u00edct, \u017ee od t\u00e9 doby (je to u\u017e n\u011bkolik let) se mezi n\u00e1mi vytvo\u0159ilo ur\u010dit\u00e9 pouto, ur\u010dit\u00e1 forma p\u0159\u00e1telstv\u00ed, a proto je pro m\u011b snadn\u00e9 ho podpo\u0159it. Podpo\u0159it \u010dlov\u011bka, kter\u00e9ho ct\u00edm, kter\u00e9ho si v\u00e1\u017e\u00edm, kdo je pro m\u011b garanc\u00ed demokracie.<\/div>\n<div dir=\"auto\">To je nejvy\u0161\u0161\u00ed hodnota, kterou vyzn\u00e1v\u00e1m zejm\u00e9na v t\u00e9to dob\u011b, kdy spousta populist\u016f, manipulativn\u00edch a sebest\u0159edn\u00fdch hovad se pokou\u0161\u00ed zmocnit, \u010deho se d\u00e1.<\/div>\n<div dir=\"auto\">Jirka je pro m\u011b garanc\u00ed a jistotou, \u017ee jsou tady je\u0161t\u011b politici, kte\u0159\u00ed jsou tradi\u010dn\u00ed, respektuj\u00ed tradice. To n\u00e1m zejm\u00e9na chyb\u00ed &#8211; tradi\u010dn\u00ed v\u011bci, tradi\u010dn\u00ed hodnoty a tradi\u010dn\u00ed lid\u00e9.<\/div>\n<div dir=\"auto\">Ji\u0159\u00ed Oberfalzer reprezentuje tradi\u010dn\u00ed, bezpe\u010dnou politickou demokratickou s\u00edlu.&#8220;<\/div>\n<div dir=\"auto\"><\/div>\n<\/div>\n<div dir=\"auto\">\n<div class=\"m8h3af8h l7ghb35v kjdc1dyq kmwttqpk gh25dzvf n3t5jt4f\">\n<div dir=\"auto\"><strong>Ji\u0159\u00ed Strach, herec a re\u017eis\u00e9r:<\/strong><\/div>\n<div dir=\"auto\"><\/div>\n<div dir=\"auto\">&#8222;Dlouze p\u0159em\u00fd\u0161l\u00edm, jak nejup\u0159\u00edmn\u011bji napsat, k\u00fdm mi Ji\u0159\u00ed Oberfalzer po mnoho let je&#8230; A pak jsem otev\u0159el Star\u00fd z\u00e1kon, knihu S\u00edrachovcovu, a najednou jsem na\u0161el ta spr\u00e1vn\u00e1 slova: \u00b4V\u011brn\u00fd p\u0159\u00edtel je pevn\u00e1 ochrana, kdo ho na\u0161el, nalezl poklad. V\u011brn\u00fd p\u0159\u00edtel je k nezaplacen\u00ed, ni\u010d\u00edm nelze vyv\u00e1\u017eit jeho cenu. V\u011brn\u00fd p\u0159\u00edtel je elix\u00edr \u017eivota, najdou ho jen ti, kdo maj\u00ed b\u00e1ze\u0148 p\u0159ed Hospodinem.\u00b4 (Sir6,14-16)<\/div>\n<\/div>\n<div class=\"l7ghb35v kjdc1dyq kmwttqpk gh25dzvf jikcssrz n3t5jt4f\">\n<div dir=\"auto\">V\u011brnost &#8211; byv\u0161\u00ed, mo\u017en\u00e1 opom\u00edjen\u00e1 a dnes vysm\u00edvan\u00e1 hodnota &#8211; je ale charaktern\u00edm a pevn\u00fdm maj\u00e1kem stability v bou\u0159i nejasnost\u00ed dne\u0161n\u00edho sv\u011bta. Kdo osv\u011bd\u010d\u00ed v\u011brnost v p\u0159\u00e1telstv\u00ed, dostoj\u00ed ji v\u017edy a ka\u017ed\u00e9mu. Proto\u017ee o tom je charakter, kter\u00fd chceme m\u00edt bl\u00edzko a po kter\u00e9m tou\u017e\u00edme.<\/div>\n<div dir=\"auto\">Jsem na\u0161t\u011bst\u00ed obklopen v\u011brn\u00fdmi a dobr\u00fdmi p\u0159\u00e1teli a Jirka Oberfalzer mezi nimi sed\u00ed v pop\u0159ed\u00ed.&#8220;<\/div>\n<div dir=\"auto\"><\/div>\n<\/div>\n<\/div>\n<div dir=\"auto\"><strong>Tom\u00e1\u0161 T\u00f6pfer, herec a \u0159editel divadla na Vinohradech:<\/strong><\/div>\n<div dir=\"auto\"><\/div>\n<div dir=\"auto\">&#8222;Ji\u0159\u00ed Oberfalzer byl a je m\u00fdm velk\u00fdm vzorem. Za v\u0161echno, co jsem se v Sen\u00e1tu nau\u010dil, vd\u011b\u010d\u00edm jemu. D\u00edky tomu jsme se stali p\u0159\u00e1teli. Budu mu dr\u017eet palce, proto\u017ee nebydl\u00edm v jeho obvod\u011b. Kdybych tam bydlel, ur\u010dit\u011b bych ho volil.&#8220;<\/div>\n<div dir=\"auto\">\n<p><strong>B\u00e1ra \u0160t\u011bp\u00e1nov\u00e1, here\u010dka, zp\u011bva\u010dka a moder\u00e1torka:<\/strong><\/p>\n<p>Jirku Oberfalzera zn\u00e1m ze\u00a070. let. M\u011bli jsme spole\u010dn\u00e9 kamar\u00e1dy a hledali jsme si prostor k\u00a0\u017eivotu mimo ofici\u00e1ln\u00ed struktury komunistick\u00e9ho re\u017eimu. V\u00a0listopadu \u00b489 jsme se potkali v\u00a0Ob\u010dansk\u00e9m foru a pozd\u011bji v\u00a0prezidentsk\u00e9 kancel\u00e1\u0159i. On tam z\u016fstal je\u0161t\u011b dva a p\u016fl roku. J\u00e1 jsem se vr\u00e1tila k\u00a0divadlu. U Jirky oce\u0148uji jeho st\u0159\u00edzlivost, neuchyluje se k\u00a0r\u016fzn\u00fdm politick\u00fdm exhibic\u00edm, dr\u017e\u00ed si sv\u00e9 m\u00edsto i sv\u00e9 postoje a na rozd\u00edl od mnoh\u00fdch, kte\u0159\u00ed usiluj\u00ed o povrchn\u00ed zviditel\u0148ov\u00e1n\u00ed, on se i bez toho v\u00a0politice neztratil. A taky je s\u00a0n\u00edm sranda, to je pro m\u011b v\u017edycky n\u011bco jako lakmusov\u00fd pap\u00edrek opravdovosti.<\/p>\n<p><strong>Petr Vychodil, starosta m\u011bsta Kr\u00e1l\u016fv Dv\u016fr:<\/strong><\/p>\n<\/div>\n<div dir=\"auto\">\n<div dir=\"auto\">&#8222;Nejen v Sen\u00e1tu odv\u00e1d\u00ed Ji\u0159\u00ed skv\u011blou pr\u00e1ci, ale i u n\u00e1s v zastupitelstvu m\u011bsta je na pozici m\u00edstostarosty d\u016fle\u017eit\u00fdm hr\u00e1\u010dem. Pod\u00edl\u00ed se aktivn\u011b a tv\u016fr\u010d\u00edm zp\u016fsobem na pl\u00e1nech rozvoje m\u011bsta i jeho spr\u00e1vy. Velice cennou je pro n\u00e1s jeho lidsk\u00e1 i profesn\u00ed zku\u0161enost, jeho nadhled a schopnost dr\u017eet se v\u011bcn\u00e9 podstaty probl\u00e9m\u016f, kter\u00e9 \u0159e\u0161\u00edme. Budu r\u00e1d, kdy\u017e bude pokra\u010dovat v Sen\u00e1tu i v na\u0161em zastupitelstvu. M\u016fj hlas m\u00e1 zaru\u010den\u00fd.&#8220;<\/div>\n<\/div>\n<div dir=\"auto\"><\/div>\n<div dir=\"auto\">\n<div dir=\"auto\"><strong>So\u0148a Chalupov\u00e1, starostka m\u011bsta Beroun:<\/strong><\/div>\n<div dir=\"auto\"><\/div>\n<div dir=\"auto\">&#8222;V leto\u0161n\u00edch sen\u00e1tn\u00edch volb\u00e1ch podpo\u0159\u00edm sv\u00fdm hlasem st\u00e1vaj\u00edc\u00edho sen\u00e1tora Ji\u0159\u00edho Oberfalzera. Zn\u00e1m ho mnoho let a za tu dobu jsem se p\u0159esv\u011bd\u010dila, \u017ee stoj\u00ed za sv\u00fdm n\u00e1zorem. Nem\u011bn\u00ed ho, aby vyhov\u011bl aktu\u00e1ln\u00ed popt\u00e1vce ve\u0159ejnosti. Pokud h\u00e1j\u00ed my\u0161lenku, pak do sv\u00e9 obhajoby vlo\u017e\u00ed v\u0161echno a n\u011bkdy je\u0161t\u011b v\u00edc\u2026<\/div>\n<div dir=\"auto\">Je to demokrat s velik\u00fdm soci\u00e1ln\u00edm c\u00edt\u011bn\u00edm, nepodporuje p\u0159ednostn\u011b \u201e tvrd\u00fd byznys\u201c, n\u00fdbr\u017e klade d\u016fraz na kvalitn\u00ed \u017eivot \u010dlov\u011bka, a\u0165 u\u017e se ten ocitl v jak\u00e9koli \u017eivotn\u00ed situaci. A pokud m\u016f\u017ee pomoci s probl\u00e9mem, ud\u011bl\u00e1 to. Staromilci by \u0159ekli \u201e renesan\u010dn\u00ed bytost\u201c, j\u00e1 bych rad\u011bji \u0159ekla : \u010dlov\u011bk na sv\u00e9m m\u00edst\u011b!&#8220;<\/div>\n<\/div>\n<div dir=\"auto\"><\/div>\n<div dir=\"auto\">\n<div dir=\"auto\"><strong>Jaroslav K\u0159iv\u00e1nek, starosta Lochovic:<\/strong><\/div>\n<div dir=\"auto\"><\/div>\n<div dir=\"auto\">&#8222;V\u00e1\u017een\u00fd pane sen\u00e1tore,\u00a0v souvislosti s bl\u00ed\u017e\u00edc\u00edm se koncem va\u0161eho politick\u00e9ho mand\u00e1tu v pozici m\u00edstop\u0159edsedy Sen\u00e1tu v\u00e1m chci za dlouholetou a jist\u011b velmi zda\u0159ilou va\u0161i pr\u00e1ci pod\u011bkovat. V\u017edy z v\u00e1s vyza\u0159ovala empatie, z\u00e1jem naslouchat, navrhovat sv\u00e1 \u0159e\u0161en\u00ed, a hlavn\u011b d\u00e1vat nad\u011bji, \u017ee se \u201epokus\u00edte pomoci\u201c. Pr\u00e1v\u011b ta va\u0161e slu\u0161nost, klid a pokora k n\u00e1zor\u016fm \u010di p\u0159\u00e1n\u00edm nebo i st\u00ed\u017enostem t\u011bch druh\u00fdch d\u00e1vala do pop\u0159ed\u00ed to hlavn\u00ed \u2013 vy chcete pomoci. Jist\u011b i velk\u00e1 \u0159ada t\u011bch v\u0161ech r\u016fzn\u00fdch obt\u00ed\u017e\u00ed \u010di stesk\u016f byla t\u00edmto va\u0161\u00edm klidem i p\u0159\u00edstupem ji\u017e dop\u0159edu vy\u0159e\u0161ena.<\/div>\n<div dir=\"auto\">Vedle toho ale vn\u00edm\u00e1m i velkou \u0159adu va\u0161ich konkr\u00e9tn\u00edch \u010din\u016f, kdy zejm\u00e9na d\u00edky v\u00e1m, va\u0161im zku\u0161enostem, znalostem i d\u00edky pot\u0159ebn\u00fdm kontakt\u016fm se toho spousta povedlo. Ze sv\u00e9 pozice \u0159editele Domova Lochovice i starosty obce Lochovice dlouhodob\u011b vn\u00edm\u00e1m v\u00e1\u0161 z\u00e1jem a podporu, konkr\u00e9tn\u011b z ned\u00e1vn\u00e9 doby si velmi v\u00e1\u017e\u00edm va\u0161\u00ed pomoci p\u0159i obh\u00e1jen\u00ed dal\u0161\u00ed existence na\u0161\u00ed organizace p\u0159ed nelogick\u00fdmi politick\u00fdmi soci\u00e1ln\u00edmi pokusy o jej\u00ed zru\u0161en\u00ed, stejn\u011b jako i dlouholet\u00e9 snahy n\u00e1m pomoci v r\u00e1mci slo\u017eit\u00e9 dopravn\u00ed, a i bezpe\u010dnost\u00ed situace v na\u0161\u00ed obci u viaduktu Obora.<\/div>\n<div dir=\"auto\">V\u00e1\u017een\u00fd pane sen\u00e1tore, chci v\u00e1m do dal\u0161\u00edch va\u0161ich dn\u016f pop\u0159\u00e1t hodn\u011b zdrav\u00ed a spokojenosti, hodn\u011b radost\u00ed ze sv\u00fdch nejbli\u017e\u0161\u00edch a dr\u017e\u00edm v\u00e1m palce do nadch\u00e1zej\u00edc\u00edho kl\u00e1n\u00ed o sen\u00e1torsk\u00fd post pro zdej\u0161\u00ed sen\u00e1tn\u00ed obvod.<\/div>\n<div dir=\"auto\">P\u0159eji v\u00e1m v\u0161e dobr\u00e9 a m\u00e1te moji podporu.&#8220;<\/div>\n<div dir=\"auto\"><\/div>\n<div dir=\"auto\"><strong>Petr Hor\u00e1k, \u0159editel Charity Beroun:<\/strong><\/div>\n<div dir=\"auto\"><\/div>\n<div dir=\"auto\">Mnoz\u00ed se mne pt\u00e1te, koho budu v Beroun\u011b volit do sen\u00e1tu a pro\u010d? Tak V\u00e1m to tedy nap\u00ed\u0161u i takto otev\u0159en\u011b. M\u016fj hlas dostane <a class=\"qi72231t nu7423ey n3hqoq4p r86q59rh b3qcqh3k fq87ekyn bdao358l fsf7x5fv rse6dlih s5oniofx m8h3af8h l7ghb35v kjdc1dyq kmwttqpk srn514ro oxkhqvkx rl78xhln nch0832m cr00lzj9 rn8ck1ys s3jn8y49 icdlwmnq cxfqmxzd d1w2l3lo tes86rjd\" tabindex=\"0\" role=\"link\" href=\"https:\/\/www.facebook.com\/jiri.oberfalzer.3?__cft__[0]=AZVOBshOgeayB0CY0Fr20SJ9jh3HxqV4URSv2YMlfbMrOEDYvqAjhGk1gjmGFdxUdK4FYowcLUkQlggBQGVjurcm4lNQK9W8vAcB6LLhwX_nXFX1vCizuCF3rYEvcgFkymm9MoXfHvA5Ycolb6O7h5bW5ymDbo2LmLrXh60d6rVx3tVxn5JCaEL1AnJwGjHB7OX7LUoYyMogxoEnauqbnhu7&amp;__tn__=-]K-R\"><span class=\"rse6dlih\">Ji\u0159\u00ed Franti\u0161ek Oberfalzer<\/span><\/a> (ODS), kter\u00e9ho zn\u00e1m osobn\u011b jako slu\u0161n\u00e9ho \u010dlov\u011bka. Pro n\u00e1\u0161 region ud\u011blal kus pr\u00e1ce a toho si cen\u00edm. M\u00e1me spolu podobn\u00fd n\u00e1hled na sv\u011bt a nav\u00edc je nominantem m\u00fdch koali\u010dn\u00edch partner\u016f, se kter\u00fdmi kandiduji na berounskou radnici. Za mne tedy <span class=\"fxk3tzhb b2rh1bv3 gh55jysx m8h3af8h ewco64xe kjdc1dyq ms56khn7 bq6c9xl4 eohcrkr5 akh3l2rg\"><img loading=\"lazy\" decoding=\"async\" src=\"https:\/\/static.xx.fbcdn.net\/images\/emoji.php\/v9\/tfc\/1\/16\/1f44d.png\" alt=\"\ud83d\udc4d\" width=\"16\" height=\"16\" \/><\/span><\/div>\n<\/div>\n","protected":false},"excerpt":{"rendered":"<p>Podporu mi vyj\u00e1d\u0159ili mnoz\u00ed starostov\u00e9 a starostky a dal\u0161\u00ed osobnosti z kulturn\u00ed a politick\u00e9 sf\u00e9ry, mj. Ond\u0159ej Vetch\u00fd, Ji\u0159\u00ed Strach, B\u00e1ra \u0160t\u011bp\u00e1nov\u00e1, Tom\u00e1\u0161 T\u00f6pfer, prof. Jan Pirk, Petr Vychodil, So\u0148a Chalupov\u00e1, Petr Hor\u00e1k, Ji\u0159\u00ed K\u0159iv\u00e1nek a dal\u0161\u00ed.<\/p>\n","protected":false},"author":2,"featured_media":3016,"comment_status":"closed","ping_status":"closed","sticky":false,"template":"","format":"standard","meta":{"footnotes":""},"categories":[3],"tags":[],"class_list":["post-3011","post","type-post","status-publish","format-standard","has-post-thumbnail","hentry","category-udalosti-a-komentare"],"_links":{"self":[{"href":"https:\/\/jirioberfalzer.cz\/index.php?rest_route=\/wp\/v2\/posts\/3011","targetHints":{"allow":["GET"]}}],"collection":[{"href":"https:\/\/jirioberfalzer.cz\/index.php?rest_route=\/wp\/v2\/posts"}],"about":[{"href":"https:\/\/jirioberfalzer.cz\/index.php?rest_route=\/wp\/v2\/types\/post"}],"author":[{"embeddable":true,"href":"https:\/\/jirioberfalzer.cz\/index.php?rest_route=\/wp\/v2\/users\/2"}],"replies":[{"embeddable":true,"href":"https:\/\/jirioberfalzer.cz\/index.php?rest_route=%2Fwp%2Fv2%2Fcomments&post=3011"}],"version-history":[{"count":1,"href":"https:\/\/jirioberfalzer.cz\/index.php?rest_route=\/wp\/v2\/posts\/3011\/revisions"}],"predecessor-version":[{"id":3017,"href":"https:\/\/jirioberfalzer.cz\/index.php?rest_route=\/wp\/v2\/posts\/3011\/revisions\/3017"}],"wp:featuredmedia":[{"embeddable":true,"href":"https:\/\/jirioberfalzer.cz\/index.php?rest_route=\/wp\/v2\/media\/3016"}],"wp:attachment":[{"href":"https:\/\/jirioberfalzer.cz\/index.php?rest_route=%2Fwp%2Fv2%2Fmedia&parent=3011"}],"wp:term":[{"taxonomy":"category","embeddable":true,"href":"https:\/\/jirioberfalzer.cz\/index.php?rest_route=%2Fwp%2Fv2%2Fcategories&post=3011"},{"taxonomy":"post_tag","embeddable":true,"href":"https:\/\/jirioberfalzer.cz\/index.php?rest_route=%2Fwp%2Fv2%2Ftags&post=3011"}],"curies":[{"name":"wp","href":"https:\/\/api.w.org\/{rel}","templated":true}]}}