{"id":2989,"date":"2022-08-01T12:31:09","date_gmt":"2022-08-01T11:31:09","guid":{"rendered":"https:\/\/jirioberfalzer.cz\/?p=2989"},"modified":"2022-08-19T12:35:10","modified_gmt":"2022-08-19T11:35:10","slug":"2989","status":"publish","type":"post","link":"https:\/\/jirioberfalzer.cz\/?p=2989","title":{"rendered":""},"content":{"rendered":"<p><a href=\"https:\/\/jirioberfalzer.cz\/wp-content\/uploads\/2022\/08\/hav.jpg\"><img loading=\"lazy\" decoding=\"async\" class=\"aligncenter size-medium wp-image-2990\" src=\"https:\/\/jirioberfalzer.cz\/wp-content\/uploads\/2022\/08\/hav-300x300.jpg\" alt=\"\" width=\"300\" height=\"300\" srcset=\"https:\/\/jirioberfalzer.cz\/wp-content\/uploads\/2022\/08\/hav-300x300.jpg 300w, https:\/\/jirioberfalzer.cz\/wp-content\/uploads\/2022\/08\/hav-150x150.jpg 150w, https:\/\/jirioberfalzer.cz\/wp-content\/uploads\/2022\/08\/hav-80x80.jpg 80w, https:\/\/jirioberfalzer.cz\/wp-content\/uploads\/2022\/08\/hav-320x320.jpg 320w, https:\/\/jirioberfalzer.cz\/wp-content\/uploads\/2022\/08\/hav.jpg 526w\" sizes=\"auto, (max-width: 300px) 100vw, 300px\" \/><\/a>P\u00e1r vzpom\u00ednek&#8230; Na facebooku se objevila jedna z archivn\u00edch fotografi\u00ed V\u00e1clava Havla a t\u00fdmu od Tomkiho N\u011bmce, z roku 1992. Jsou na n\u00ed nap\u0159. Michael \u017dantovsk\u00fd, Karel Schwarzenberg, VH a zcela vpravo <a class=\"qi72231t nu7423ey n3hqoq4p r86q59rh b3qcqh3k fq87ekyn bdao358l fsf7x5fv rse6dlih s5oniofx m8h3af8h l7ghb35v kjdc1dyq kmwttqpk srn514ro oxkhqvkx rl78xhln nch0832m cr00lzj9 rn8ck1ys s3jn8y49 icdlwmnq cxfqmxzd d1w2l3lo tes86rjd\" tabindex=\"0\" role=\"link\" href=\"https:\/\/www.facebook.com\/jiri.oberfalzer.3?__cft__[0]=AZUyITB0PS2Y9eSQ0ND8kRpPIGvSQYBXU6W18Vdlz3hIlwy0w0V6O95haPS6mmsLVxzEif5XTwKF905fWyc3zSJIgtQ2omMrCVreYogOiEoTOmmJ_ZHSqz2ftbiisJkEvVVfVA_ArcIL552WFHJaEb-lMNx0F2kTr9-AYOJVi7gEMf1lmlWc_AQNmz_R8YA6YiukatD-OPFNmMTcPGAO_6YmXRfsY8zvZpYxQECZ4U0DBQ&amp;__tn__=-]K-y-R\"><span class=\"rse6dlih\">Ji\u0159\u00ed Franti\u0161ek Oberfalzer.\u00a0<\/span><\/a><\/p>\n","protected":false},"excerpt":{"rendered":"<p>P\u00e1r vzpom\u00ednek&#8230; Na facebooku se objevila jedna z archivn\u00edch fotografi\u00ed V\u00e1clava Havla a t\u00fdmu od Tomkiho N\u011bmce, z roku 1992. Jsou na n\u00ed nap\u0159. Michael \u017dantovsk\u00fd, Karel Schwarzenberg, VH a zcela vpravo Ji\u0159\u00ed Franti\u0161ek&#46;&#46;&#46;<\/p>\n","protected":false},"author":2,"featured_media":2990,"comment_status":"open","ping_status":"open","sticky":false,"template":"","format":"standard","meta":{"footnotes":""},"categories":[3],"tags":[],"class_list":["post-2989","post","type-post","status-publish","format-standard","has-post-thumbnail","hentry","category-udalosti-a-komentare"],"_links":{"self":[{"href":"https:\/\/jirioberfalzer.cz\/index.php?rest_route=\/wp\/v2\/posts\/2989","targetHints":{"allow":["GET"]}}],"collection":[{"href":"https:\/\/jirioberfalzer.cz\/index.php?rest_route=\/wp\/v2\/posts"}],"about":[{"href":"https:\/\/jirioberfalzer.cz\/index.php?rest_route=\/wp\/v2\/types\/post"}],"author":[{"embeddable":true,"href":"https:\/\/jirioberfalzer.cz\/index.php?rest_route=\/wp\/v2\/users\/2"}],"replies":[{"embeddable":true,"href":"https:\/\/jirioberfalzer.cz\/index.php?rest_route=%2Fwp%2Fv2%2Fcomments&post=2989"}],"version-history":[{"count":1,"href":"https:\/\/jirioberfalzer.cz\/index.php?rest_route=\/wp\/v2\/posts\/2989\/revisions"}],"predecessor-version":[{"id":2991,"href":"https:\/\/jirioberfalzer.cz\/index.php?rest_route=\/wp\/v2\/posts\/2989\/revisions\/2991"}],"wp:featuredmedia":[{"embeddable":true,"href":"https:\/\/jirioberfalzer.cz\/index.php?rest_route=\/wp\/v2\/media\/2990"}],"wp:attachment":[{"href":"https:\/\/jirioberfalzer.cz\/index.php?rest_route=%2Fwp%2Fv2%2Fmedia&parent=2989"}],"wp:term":[{"taxonomy":"category","embeddable":true,"href":"https:\/\/jirioberfalzer.cz\/index.php?rest_route=%2Fwp%2Fv2%2Fcategories&post=2989"},{"taxonomy":"post_tag","embeddable":true,"href":"https:\/\/jirioberfalzer.cz\/index.php?rest_route=%2Fwp%2Fv2%2Ftags&post=2989"}],"curies":[{"name":"wp","href":"https:\/\/api.w.org\/{rel}","templated":true}]}}