{"id":2930,"date":"2022-05-01T14:36:01","date_gmt":"2022-05-01T13:36:01","guid":{"rendered":"https:\/\/jirioberfalzer.cz\/?p=2930"},"modified":"2022-05-01T14:36:01","modified_gmt":"2022-05-01T13:36:01","slug":"vyznamenani-generala-alexandra-hesse-zdobi-stalou-expozici-v-kralove-dvore","status":"publish","type":"post","link":"https:\/\/jirioberfalzer.cz\/?p=2930","title":{"rendered":"Vyznamen\u00e1n\u00ed gener\u00e1la Alexandra Hesse zdob\u00ed st\u00e1lou expozici v Kr\u00e1lov\u011b Dvo\u0159e"},"content":{"rendered":"<p><a href=\"https:\/\/jirioberfalzer.cz\/wp-content\/uploads\/2022\/05\/Bez-nazvu_compressed-1.jpg\"><img loading=\"lazy\" decoding=\"async\" class=\"aligncenter size-medium wp-image-2931\" src=\"https:\/\/jirioberfalzer.cz\/wp-content\/uploads\/2022\/05\/Bez-nazvu_compressed-1-300x200.jpg\" alt=\"\" width=\"300\" height=\"200\" srcset=\"https:\/\/jirioberfalzer.cz\/wp-content\/uploads\/2022\/05\/Bez-nazvu_compressed-1-300x200.jpg 300w, https:\/\/jirioberfalzer.cz\/wp-content\/uploads\/2022\/05\/Bez-nazvu_compressed-1-768x512.jpg 768w, https:\/\/jirioberfalzer.cz\/wp-content\/uploads\/2022\/05\/Bez-nazvu_compressed-1.jpg 810w\" sizes=\"auto, (max-width: 300px) 100vw, 300px\" \/><\/a>V m\u011bstsk\u00e9 knihovn\u011b v Kr\u00e1lov\u011b Dvo\u0159e se uskute\u010dnila slavnost u p\u0159\u00edle\u017eitosti p\u0159ed\u00e1n\u00ed st\u00e1tn\u00edho vyznamen\u00e1n\u00ed Alexandru Hessovi in memoriam.\u00a0 Na pozv\u00e1n\u00ed zastupitele Radka Nov\u00e1ka, inici\u00e1tora st\u00e1l\u00e9 expozice v\u011bnovan\u00e9 v\u00e1le\u010dn\u00e9mu hrdinovi A. Hessovi, p\u0159ijela pan\u00ed Ilona Honetschl\u00e4gerov\u00e1, vnu\u010dka gener\u00e1la Alexandra Hesse, kter\u00e1 p\u0159evzala v Kancel\u00e1\u0159i prezidenta \u0159\u00e1d B\u00edl\u00e9ho lva I. t\u0159\u00eddy in memoriam a v\u011bnuje ho do m\u00edstn\u00ed st\u00e1l\u00e9 expozice o tomto rod\u00e1kovi z Kr\u00e1lova Dvora. Na st\u00e1tn\u00ed vyznamen\u00e1n\u00ed gener\u00e1la Hesse navrhl v lo\u0148sk\u00e9m roce sen\u00e1tor Ji\u0159\u00ed Oberfalzer.<\/p>\n","protected":false},"excerpt":{"rendered":"<p>St\u00e1tn\u00ed vyznamen\u00e1n\u00ed navr\u017een\u00e9 sen\u00e1torem Ji\u0159\u00edm Oberfalzerem pro rod\u00e1ka z Kr\u00e1lova Dvora, gener\u00e1la Alexandra Hesse, \u0159\u00e1d B\u00edl\u00e9ho lva 1. stupn\u011b in memoriam, obohatilo st\u00e1lou expozici v M\u011bstsk\u00e9 knihovn\u011b.<\/p>\n","protected":false},"author":2,"featured_media":2931,"comment_status":"open","ping_status":"open","sticky":false,"template":"","format":"standard","meta":{"footnotes":""},"categories":[16],"tags":[],"class_list":["post-2930","post","type-post","status-publish","format-standard","has-post-thumbnail","hentry","category-ze-senatu"],"_links":{"self":[{"href":"https:\/\/jirioberfalzer.cz\/index.php?rest_route=\/wp\/v2\/posts\/2930","targetHints":{"allow":["GET"]}}],"collection":[{"href":"https:\/\/jirioberfalzer.cz\/index.php?rest_route=\/wp\/v2\/posts"}],"about":[{"href":"https:\/\/jirioberfalzer.cz\/index.php?rest_route=\/wp\/v2\/types\/post"}],"author":[{"embeddable":true,"href":"https:\/\/jirioberfalzer.cz\/index.php?rest_route=\/wp\/v2\/users\/2"}],"replies":[{"embeddable":true,"href":"https:\/\/jirioberfalzer.cz\/index.php?rest_route=%2Fwp%2Fv2%2Fcomments&post=2930"}],"version-history":[{"count":1,"href":"https:\/\/jirioberfalzer.cz\/index.php?rest_route=\/wp\/v2\/posts\/2930\/revisions"}],"predecessor-version":[{"id":2932,"href":"https:\/\/jirioberfalzer.cz\/index.php?rest_route=\/wp\/v2\/posts\/2930\/revisions\/2932"}],"wp:featuredmedia":[{"embeddable":true,"href":"https:\/\/jirioberfalzer.cz\/index.php?rest_route=\/wp\/v2\/media\/2931"}],"wp:attachment":[{"href":"https:\/\/jirioberfalzer.cz\/index.php?rest_route=%2Fwp%2Fv2%2Fmedia&parent=2930"}],"wp:term":[{"taxonomy":"category","embeddable":true,"href":"https:\/\/jirioberfalzer.cz\/index.php?rest_route=%2Fwp%2Fv2%2Fcategories&post=2930"},{"taxonomy":"post_tag","embeddable":true,"href":"https:\/\/jirioberfalzer.cz\/index.php?rest_route=%2Fwp%2Fv2%2Ftags&post=2930"}],"curies":[{"name":"wp","href":"https:\/\/api.w.org\/{rel}","templated":true}]}}