{"id":2910,"date":"2022-03-26T16:12:46","date_gmt":"2022-03-26T15:12:46","guid":{"rendered":"https:\/\/jirioberfalzer.cz\/?p=2910"},"modified":"2022-04-01T16:15:52","modified_gmt":"2022-04-01T15:15:52","slug":"ucteni-pamatky-stabniho-kapitana-vaclava-moravka","status":"publish","type":"post","link":"https:\/\/jirioberfalzer.cz\/?p=2910","title":{"rendered":"Uct\u011bn\u00ed pam\u00e1tky \u0161t\u00e1bn\u00edho kapit\u00e1na V\u00e1clava Mor\u00e1vka"},"content":{"rendered":"<div dir=\"auto\">V odkazu \u0161t\u00e1bn\u00edho kapit\u00e1na V\u00e1clava Mor\u00e1vka je ukryto mnoho symbol\u016f. Dlouh\u00e1 l\u00e9ta jsme si jej p\u0159ipom\u00ednali jako voj\u00e1ka, kter\u00fd se postavil totalit\u011b pro ide\u00e1ly, kter\u00fdm v\u011b\u0159il, a nev\u00e1hal jim ob\u011btovat sv\u016fj \u017eivot. Byl odboj\u00e1\u0159em, kter\u00fd z\u00edsk\u00e1val informace, p\u0159ev\u00e1\u017eel v\u00fdbu\u0161niny a munici, komunikoval s exilovou vl\u00e1dou v Lond\u00fdn\u011b. Stal se hrdinou, kter\u00fd se bezpo\u010dtukr\u00e1t postavil s pistol\u00ed v ruce mnohon\u00e1sobn\u00e9 p\u0159esile. Byl zn\u00e1m sv\u00fdm smyslem pro provokativn\u00ed humor, j\u00edm\u017e si utahoval z nadvl\u00e1dy nen\u00e1vid\u011bn\u00e9 moci, kterou opovrhoval a s rozko\u0161\u00ed zesm\u011b\u0161\u0148oval. \u017dil nad\u011bj\u00ed, \u017ee okupace nen\u00ed kone\u010dn\u00e1, \u017ee bojovat m\u00e1 smysl. V\u011b\u0159il v n\u00e1vrat svobody.<\/div>\n<div dir=\"auto\">V sou\u010dasn\u00e9 dob\u011b jeho odkaz nab\u00fdv\u00e1 nov\u00fdch, ne\u010dekan\u011b aktu\u00e1ln\u00edch rozm\u011br\u016f. Op\u011bt m\u00e1me jen p\u00e1r kilometr\u016f od n\u00e1s co d\u011blat s totalitou, op\u011bt m\u00e1me, jen p\u00e1r kilometr\u016f od n\u00e1s co d\u011blat s brut\u00e1ln\u00ed agres\u00ed. A op\u011bt vid\u00edme, jen p\u00e1r kilometr\u016f od na\u0161ich hranic hrdiny bojuj\u00edc\u00ed proti mnohan\u00e1sobn\u00e9 p\u0159esile, hrdiny, kte\u0159\u00ed v\u011b\u0159\u00ed sv\u00fdm c\u00edl\u016fm a stoj\u00ed za nimi i za cenu vlastn\u00edho \u017eivota.<\/div>\n<div dir=\"auto\">Odkaz brig\u00e1dn\u00edho gener\u00e1la in memoriam V\u00e1clava Mor\u00e1vka nen\u00ed jen kapitolou v u\u010debnic\u00edch n\u00e1rodn\u00edch d\u011bjin. Je dnes v\u00edc ne\u017e d\u0159\u00edv \u017eivouc\u00edm p\u0159\u00edkladem, bezv\u00fdhradn\u00e9ho boje za svobodu, za ide\u00e1ly, na kter\u00fdch je vystav\u011bn demokratick\u00fd sv\u011bt. \u0158\u00edk\u00e1 se, \u017ee je \u0161\u0165astn\u00e1 doba, kter\u00e1 nepot\u0159ebuje hrdiny. Dlouho se n\u00e1m zd\u00e1lo, \u017ee jsme v bezpe\u010d\u00ed a \u017ee se mu budeme t\u011b\u0161it i nad\u00e1le. Ud\u00e1losti posledn\u00edch t\u00fddn\u016f ov\u0161em ukazuj\u00ed jasn\u011b, \u017ee bojov\u00e9 nasazen\u00ed, osobn\u00ed state\u010dnost a bezpodm\u00edne\u010dnou oddanost v\u011bci svobody a spravedlnosti mo\u017en\u00e1 budeme muset prok\u00e1zat znovu. V\u00e1clav Mor\u00e1vek je n\u00e1m v tom vynikaj\u00edc\u00edm p\u0159\u00edkladem. \u010cest jeho pam\u00e1tce.<\/div>\n","protected":false},"excerpt":{"rendered":"<p>Pietn\u00ed akt k uct\u011bn\u00ed odboj\u00e1\u0159e V\u00e1clava Mor\u00e1vka<\/p>\n","protected":false},"author":2,"featured_media":2911,"comment_status":"open","ping_status":"open","sticky":false,"template":"","format":"standard","meta":{"footnotes":""},"categories":[17],"tags":[],"class_list":["post-2910","post","type-post","status-publish","format-standard","has-post-thumbnail","hentry","category-nazory-a-rozhovory"],"_links":{"self":[{"href":"https:\/\/jirioberfalzer.cz\/index.php?rest_route=\/wp\/v2\/posts\/2910","targetHints":{"allow":["GET"]}}],"collection":[{"href":"https:\/\/jirioberfalzer.cz\/index.php?rest_route=\/wp\/v2\/posts"}],"about":[{"href":"https:\/\/jirioberfalzer.cz\/index.php?rest_route=\/wp\/v2\/types\/post"}],"author":[{"embeddable":true,"href":"https:\/\/jirioberfalzer.cz\/index.php?rest_route=\/wp\/v2\/users\/2"}],"replies":[{"embeddable":true,"href":"https:\/\/jirioberfalzer.cz\/index.php?rest_route=%2Fwp%2Fv2%2Fcomments&post=2910"}],"version-history":[{"count":1,"href":"https:\/\/jirioberfalzer.cz\/index.php?rest_route=\/wp\/v2\/posts\/2910\/revisions"}],"predecessor-version":[{"id":2912,"href":"https:\/\/jirioberfalzer.cz\/index.php?rest_route=\/wp\/v2\/posts\/2910\/revisions\/2912"}],"wp:featuredmedia":[{"embeddable":true,"href":"https:\/\/jirioberfalzer.cz\/index.php?rest_route=\/wp\/v2\/media\/2911"}],"wp:attachment":[{"href":"https:\/\/jirioberfalzer.cz\/index.php?rest_route=%2Fwp%2Fv2%2Fmedia&parent=2910"}],"wp:term":[{"taxonomy":"category","embeddable":true,"href":"https:\/\/jirioberfalzer.cz\/index.php?rest_route=%2Fwp%2Fv2%2Fcategories&post=2910"},{"taxonomy":"post_tag","embeddable":true,"href":"https:\/\/jirioberfalzer.cz\/index.php?rest_route=%2Fwp%2Fv2%2Ftags&post=2910"}],"curies":[{"name":"wp","href":"https:\/\/api.w.org\/{rel}","templated":true}]}}