{"id":2901,"date":"2022-03-20T15:53:58","date_gmt":"2022-03-20T14:53:58","guid":{"rendered":"https:\/\/jirioberfalzer.cz\/?p=2901"},"modified":"2022-04-01T16:04:19","modified_gmt":"2022-04-01T15:04:19","slug":"na-pozvani-tibetske-vlady-v-exilu-v-indicke-dharamshale","status":"publish","type":"post","link":"https:\/\/jirioberfalzer.cz\/?p=2901","title":{"rendered":"Na pozv\u00e1n\u00ed tibetsk\u00e9 vl\u00e1dy v exilu v indick\u00e9 Dharamshale"},"content":{"rendered":"<div dir=\"auto\"><a href=\"https:\/\/jirioberfalzer.cz\/wp-content\/uploads\/2022\/04\/Bez-nazvu_compressed.jpg\"><img loading=\"lazy\" decoding=\"async\" class=\"aligncenter size-medium wp-image-2902\" src=\"https:\/\/jirioberfalzer.cz\/wp-content\/uploads\/2022\/04\/Bez-nazvu_compressed-225x300.jpg\" alt=\"\" width=\"225\" height=\"300\" srcset=\"https:\/\/jirioberfalzer.cz\/wp-content\/uploads\/2022\/04\/Bez-nazvu_compressed-225x300.jpg 225w, https:\/\/jirioberfalzer.cz\/wp-content\/uploads\/2022\/04\/Bez-nazvu_compressed.jpg 450w\" sizes=\"auto, (max-width: 225px) 100vw, 225px\" \/><\/a>P\u0159i \u00fa\u010dasti na p\u0159ipom\u00ednce 63. v\u00fdro\u010d\u00ed proti\u010d\u00ednsk\u00e9ho povst\u00e1n\u00ed v Tibetu se na\u0161e delegace po\u010d\u00e1tkem b\u0159ezna setkala s Jeho Svatost\u00ed dalajlamou. P\u0159inesli jsme zpr\u00e1vu o podpo\u0159e \u010cR tibetsk\u00e9mu lidu v jeho spravedliv\u00e9m boji za svobodu.<\/div>\n<div dir=\"auto\">\n<div dir=\"auto\">Do sv\u00e9ho p\u0159\u00edbytku n\u00e1s pozval Geshi Lobsang Monlan, aby n\u00e1m p\u0159edvedl sv\u00e9 d\u00edlo. Tibetsk\u00fd slovn\u00edk nau\u010dn\u00fd ve 223 d\u00edlech.<\/div>\n<div dir=\"auto\">M\u00e1 75 milion\u016f hesel a cel\u00fd t\u00fdm na n\u011bm pracoval 10 let.\u00a0Lobsang chce slovn\u00edk v\u011bnovat N\u00e1rodn\u00ed knihovn\u011b v Praze.<\/div>\n<\/div>\n<div dir=\"auto\">V Dill\u00ed jsme m\u011bli tak\u00e9 p\u0159ijet\u00ed u m\u00edstop\u0159edsedy indick\u00e9ho Sen\u00e1tu. Vyj\u00e1d\u0159ili jsme p\u0159ipravenost nav\u00e1zat na historicky dobr\u00e9 vztahy a rozv\u00edjet spolupr\u00e1ci na poli obchodu, v\u011bdy i v\u00fdzkumu.<\/div>\n<div dir=\"auto\">V r\u00e1mci cesty n\u00e1s zastihly zpr\u00e1vy o pokra\u010duj\u00edc\u00ed invazi rusk\u00fdch vojsk na Ukrajinu. P\u0159ed ukrajinskou ambas\u00e1dou se ka\u017ed\u00fd den v 19 hod. potk\u00e1vaj\u00ed lid\u00e9, kte\u0159\u00ed cht\u011bj\u00ed vyj\u00e1d\u0159it solidaritu s n\u00e1rodem, kter\u00fd \u010del\u00ed Putinov\u011b agresi. S \u010desk\u00fdm charg\u00e9 d&#8217;affaires a ukrajinsk\u00fdm velvyslancem jsme tak\u00e9 vyj\u00e1d\u0159ili svou podporu. I na\u0161e ambas\u00e1da zasv\u00edtila v barv\u00e1ch ukrajinsk\u00e9 vlajky.<\/div>\n","protected":false},"excerpt":{"rendered":"<p>Na n\u00e1v\u0161t\u011bv\u011b v s\u00eddle exilov\u00e9 tibetsk\u00e9 vl\u00e1dy p\u0159i p\u0159ipom\u00ednce 63. v\u00fdro\u010d\u00ed proti\u010d\u00ednsk\u00e9ho povst\u00e1n\u00ed v Tibetu se na\u0161e delegace setkala s Jeho Svatost\u00ed dalajl\u00e1mou.<\/p>\n","protected":false},"author":2,"featured_media":2902,"comment_status":"open","ping_status":"open","sticky":false,"template":"","format":"standard","meta":{"footnotes":""},"categories":[3],"tags":[],"class_list":["post-2901","post","type-post","status-publish","format-standard","has-post-thumbnail","hentry","category-udalosti-a-komentare"],"_links":{"self":[{"href":"https:\/\/jirioberfalzer.cz\/index.php?rest_route=\/wp\/v2\/posts\/2901","targetHints":{"allow":["GET"]}}],"collection":[{"href":"https:\/\/jirioberfalzer.cz\/index.php?rest_route=\/wp\/v2\/posts"}],"about":[{"href":"https:\/\/jirioberfalzer.cz\/index.php?rest_route=\/wp\/v2\/types\/post"}],"author":[{"embeddable":true,"href":"https:\/\/jirioberfalzer.cz\/index.php?rest_route=\/wp\/v2\/users\/2"}],"replies":[{"embeddable":true,"href":"https:\/\/jirioberfalzer.cz\/index.php?rest_route=%2Fwp%2Fv2%2Fcomments&post=2901"}],"version-history":[{"count":1,"href":"https:\/\/jirioberfalzer.cz\/index.php?rest_route=\/wp\/v2\/posts\/2901\/revisions"}],"predecessor-version":[{"id":2903,"href":"https:\/\/jirioberfalzer.cz\/index.php?rest_route=\/wp\/v2\/posts\/2901\/revisions\/2903"}],"wp:featuredmedia":[{"embeddable":true,"href":"https:\/\/jirioberfalzer.cz\/index.php?rest_route=\/wp\/v2\/media\/2902"}],"wp:attachment":[{"href":"https:\/\/jirioberfalzer.cz\/index.php?rest_route=%2Fwp%2Fv2%2Fmedia&parent=2901"}],"wp:term":[{"taxonomy":"category","embeddable":true,"href":"https:\/\/jirioberfalzer.cz\/index.php?rest_route=%2Fwp%2Fv2%2Fcategories&post=2901"},{"taxonomy":"post_tag","embeddable":true,"href":"https:\/\/jirioberfalzer.cz\/index.php?rest_route=%2Fwp%2Fv2%2Ftags&post=2901"}],"curies":[{"name":"wp","href":"https:\/\/api.w.org\/{rel}","templated":true}]}}