{"id":2858,"date":"2021-12-17T15:07:13","date_gmt":"2021-12-17T14:07:13","guid":{"rendered":"http:\/\/jirioberfalzer.cz\/?p=2858"},"modified":"2021-12-17T15:09:12","modified_gmt":"2021-12-17T14:09:12","slug":"25-vyroci-existence-senatu","status":"publish","type":"post","link":"https:\/\/jirioberfalzer.cz\/?p=2858","title":{"rendered":"25. v\u00fdro\u010d\u00ed existence Sen\u00e1tu"},"content":{"rendered":"<h3 class=\"tiskova-zprava-h3\"><strong><a href=\"https:\/\/jirioberfalzer.cz\/wp-content\/uploads\/2021\/12\/dekl_compressed-1.jpg\"><img loading=\"lazy\" decoding=\"async\" class=\"aligncenter size-medium wp-image-2862\" src=\"https:\/\/jirioberfalzer.cz\/wp-content\/uploads\/2021\/12\/dekl_compressed-1-300x175.jpg\" alt=\"\" width=\"300\" height=\"175\" srcset=\"https:\/\/jirioberfalzer.cz\/wp-content\/uploads\/2021\/12\/dekl_compressed-1-300x175.jpg 300w, https:\/\/jirioberfalzer.cz\/wp-content\/uploads\/2021\/12\/dekl_compressed-1.jpg 716w\" sizes=\"auto, (max-width: 300px) 100vw, 300px\" \/><\/a>Tento t\u00fdden si \u010desk\u00fd Sen\u00e1t p\u0159ipom\u00edn\u00e1 25. v\u00fdro\u010d\u00ed od sv\u00e9 historicky prvn\u00ed ustavuj\u00edc\u00ed sch\u016fze, kter\u00e1 se konala ve \u010dtvrtek 18. prosince 1996. U t\u00e9to slavnostn\u00ed p\u0159\u00edle\u017eitosti sen\u00e1torky a sen\u00e1to\u0159i podepsali deklaraci pro p\u0159\u00ed\u0161t\u00ed generace.<\/strong><\/h3>\n<div class=\"structuredModule pressAddress hideOnPrint\"><\/div>\n<div class=\"tiskova-zprava-p\">\n<p><em>\u201ePo sv\u00e9m v\u00edce ne\u017e desetilet\u00e9m p\u016fsoben\u00ed v\u00a0Sen\u00e1tu v\u00edm, \u017ee Sen\u00e1t nen\u00ed dokonal\u00fd. Z\u00e1rove\u0148 si tak\u00e9 dovol\u00edm \u0159\u00edci, \u017ee je instituc\u00ed, kter\u00e9 je p\u0159i jedn\u00e1n\u00ed a rozhodov\u00e1n\u00ed vlastn\u00ed slu\u0161nost, noblesa, uv\u00e1\u017elivost, samostatnost a nez\u00e1vislost. Sen\u00e1t neopravuje a nekritizuje \u00fa\u010delov\u011b, ale proto, aby do\u0161lo k n\u00e1prav\u011b chyb a omyl\u016f. Sen\u00e1t se nesna\u017e\u00ed za ka\u017edou cenu hromadit politick\u00fd kapit\u00e1l, ale pracovat pro ob\u010dany a b\u00fdt kvalitn\u00edm odrazem a spr\u00e1vn\u00fdm nositelem a vykonavatelem ve\u0159ejn\u00e9 v\u016fle. Sen\u00e1t tak\u00e9 je, a v\u011b\u0159\u00edm, \u017ee nad\u00e1le bude vl\u00e1dnout siln\u00fdm a nez\u00e1visl\u00fdm hlasem, a to zejm\u00e9na v okam\u017eic\u00edch, kdy ostatn\u00ed \u0161eptaj\u00ed nebo se dokonce boj\u00ed promluvit<\/em>,\u201c \u0159\u00edk\u00e1\u00a0<strong>p\u0159edseda Sen\u00e1tu<\/strong>\u00a0<strong>Milo\u0161 Vystr\u010dil<\/strong>.<\/p>\n<p>Za dobu sv\u00e9 existence projednal Sen\u00e1t t\u00e9m\u011b\u0159 2 500 n\u00e1vrh\u016f z\u00e1kon\u016f, z toho p\u0159es 600 z nich navrhl opravit a ve v\u00edce ne\u017e 300 p\u0159\u00edpadech byl n\u00e1vrh opravy Poslaneckou sn\u011bmovnou p\u0159ijat. Sen\u00e1t tak v\u00a0pr\u016fm\u011bru opravil ka\u017ed\u00fd osm\u00fd z\u00e1kon, vyzdvihl Milo\u0161 Vystr\u010dil ve sv\u00e9 \u00favodn\u00ed \u0159e\u010di na \u0159\u00e1dn\u00e9 18. sch\u016fzi Sen\u00e1tu. U p\u0159\u00edle\u017eitosti pomysln\u00fdch 25. narozenin Sen\u00e1tu byla sch\u016fze v\u00a0Jednac\u00edm s\u00e1le zah\u00e1jena \u010deskou st\u00e1tn\u00ed hymnou a na \u0159e\u010dnick\u00e9m pult\u00edku byla vystavena \u010desk\u00e1 vlajka, kter\u00e1 na st\u0159e\u0161e Vald\u0161tejnsk\u00e9ho pal\u00e1ce zavl\u00e1la poprv\u00e9 v\u00a0roce 1996.<\/p>\n<p><strong>1. m\u00edstop\u0159edseda Sen\u00e1tu<\/strong>\u00a0<strong>Ji\u0159\u00ed R\u016f\u017ei\u010dka<\/strong>\u00a0dopl\u0148uje: \u201e<em>Pokud n\u011bkdo p\u0159ed p\u011btadvaceti lety pochyboval o smyslu Sen\u00e1tu, mohl se za tu dobu mnohokr\u00e1t p\u0159esv\u011bd\u010dit o jeho v\u00fdznamu. Sen\u00e1t je opravdov\u00fdm str\u00e1\u017ecem \u00fastavnosti, svobody a demokracie, proto\u017ee v n\u011bm jde v\u017edy v\u00edc o podstatu probl\u00e9mu ne\u017e o stranickou p\u0159\u00edslu\u0161nost.\u201c\u00a0<\/em>Na z\u00e1v\u011br dod\u00e1v\u00e1 p\u0159\u00e1n\u00ed do budoucna: \u201e<em>P\u0159ejme proto Sen\u00e1tu z\u00e1sadovost, nadhled a slu\u0161nost i do dal\u0161\u00edch let!\u201c<\/em><\/p>\n<p>\u201e<em>Na po\u010d\u00e1tku fungov\u00e1n\u00ed Sen\u00e1tu v\u00a0roce 1996 jsme si p\u0159\u00e1li, aby se stal ochr\u00e1ncem \u00fastavnosti, pr\u00e1vn\u00edho st\u00e1tu a ob\u010dansk\u00fdch svobod. Mysl\u00edm, \u017ee v\u00a0soukol\u00ed demokratick\u00fdch instituc\u00ed na\u0161\u00ed zem\u011b jsme na dobr\u00e9 cest\u011b tuto roli napl\u0148ovat<\/em>,\u201c reflektuje\u00a0<strong>m\u00edstop\u0159edsedkyn\u011b Sen\u00e1tu<\/strong>\u00a0<strong>Jitka Seitlov\u00e1<\/strong>.<\/p>\n<p><strong>M\u00edstop\u0159edseda Sen\u00e1tu<\/strong>\u00a0<strong>Ji\u0159\u00ed Oberfalzer<\/strong>\u00a0uv\u00e1d\u00ed<em>: \u201e25 let je doba, kdy se povaha instituce projev\u00ed. Sen\u00e1t v\u00a0pr\u016fb\u011bhu on\u011bch 25 let p\u0159edev\u0161\u00edm potvrdil svou \u00falohu ve vyva\u017eov\u00e1n\u00ed politick\u00e9ho v\u00fdvoje v\u00a0zemi a v\u00fdznamn\u011b p\u0159isp\u00edv\u00e1 k na\u0161\u00ed stabilit\u011b z del\u0161\u00ed \u010dasov\u00e9 perspektivy. Je zjevn\u00e9, \u017ee se horn\u00ed komora Parlamentu posunula od p\u016fvodn\u00ed my\u0161lenky, nap\u0159\u00edklad i V\u00e1clava Havla, \u017ee Sen\u00e1t bude komorou osobnost\u00ed celon\u00e1rodn\u00edho v\u00fdznamu. St\u00e1v\u00e1 se v\u00edce reprezentantem z\u00e1jm\u016f region\u016f a sen\u00e1to\u0159i jsou v\u00fdznamn\u00ed region\u00e1ln\u00ed politici se znalost\u00ed municip\u00e1ln\u00ed politiky a se znalost\u00ed region\u00e1ln\u00edch, m\u00edstn\u00edch probl\u00e9m\u016f a pot\u0159eb.\u201c<\/em><\/p>\n<p><strong>M\u00edstop\u0159edseda Sen\u00e1tu Jan Horn\u00edk<\/strong>\u00a0uzav\u00edr\u00e1: \u201e<em>Za \u010dtvrt stolet\u00ed \u010desk\u00fd Sen\u00e1t prok\u00e1zal opr\u00e1vn\u011bnost jeho vzniku a pot\u0159ebu dvoukomorov\u00e9ho rozhodov\u00e1n\u00ed v\u00a0legislativn\u00edm procesu p\u0159ij\u00edm\u00e1n\u00ed z\u00e1kon\u016f. N\u00e1vrhy novel a pozm\u011b\u0148ovac\u00ed n\u00e1vrhy z\u00e1kon\u016f schvalovan\u00e9 Sen\u00e1tem v\u00a0nejednom p\u0159\u00edpad\u011b zabr\u00e1nily jejich dvoj\u00edmu nebo nejednozna\u010dn\u00e9mu v\u00fdkladu, v\u00a0\u010dem\u017e spat\u0159uji nejv\u011bt\u0161\u00ed p\u0159\u00ednos horn\u00ed komory na\u0161eho Parlamentu pro ob\u010dany \u010cesk\u00e9 republiky.<\/em>\u201c<\/p>\n<\/div>\n","protected":false},"excerpt":{"rendered":"<p>Tento t\u00fdden si \u010desk\u00fd Sen\u00e1t p\u0159ipom\u00edn\u00e1 25. v\u00fdro\u010d\u00ed od sv\u00e9 historicky prvn\u00ed ustavuj\u00edc\u00ed sch\u016fze, kter\u00e1 se konala ve \u010dtvrtek 18. prosince 1996. U t\u00e9to slavnostn\u00ed p\u0159\u00edle\u017eitosti vznikla deklarace, k n\u00ed\u017e sen\u00e1torky a sen\u00e1to\u0159i dnes v Jednac\u00edm s\u00e1le p\u0159ipojili sv\u00e9 podpisy. V\u00fdvoj ve sv\u011bt\u011b podle nich v posledn\u00edch letech ukazuje, \u017ee svoboda, demokracie, dokonce ani \u017eivot s\u00e1m nejsou samoz\u0159ejmost\u00ed. Proto si v deklaraci znovu p\u0159ipomn\u011bli, \u017ee b\u00fdt sen\u00e1torkou \u010di sen\u00e1torem \u010desk\u00e9ho Parlamentu znamen\u00e1 z\u00e1vazek tyto hodnoty aktivn\u011b v\u017edy prosazovat a chr\u00e1nit.<\/p>\n","protected":false},"author":2,"featured_media":2862,"comment_status":"open","ping_status":"open","sticky":false,"template":"","format":"standard","meta":{"footnotes":""},"categories":[16],"tags":[],"class_list":["post-2858","post","type-post","status-publish","format-standard","has-post-thumbnail","hentry","category-ze-senatu"],"_links":{"self":[{"href":"https:\/\/jirioberfalzer.cz\/index.php?rest_route=\/wp\/v2\/posts\/2858","targetHints":{"allow":["GET"]}}],"collection":[{"href":"https:\/\/jirioberfalzer.cz\/index.php?rest_route=\/wp\/v2\/posts"}],"about":[{"href":"https:\/\/jirioberfalzer.cz\/index.php?rest_route=\/wp\/v2\/types\/post"}],"author":[{"embeddable":true,"href":"https:\/\/jirioberfalzer.cz\/index.php?rest_route=\/wp\/v2\/users\/2"}],"replies":[{"embeddable":true,"href":"https:\/\/jirioberfalzer.cz\/index.php?rest_route=%2Fwp%2Fv2%2Fcomments&post=2858"}],"version-history":[{"count":3,"href":"https:\/\/jirioberfalzer.cz\/index.php?rest_route=\/wp\/v2\/posts\/2858\/revisions"}],"predecessor-version":[{"id":2863,"href":"https:\/\/jirioberfalzer.cz\/index.php?rest_route=\/wp\/v2\/posts\/2858\/revisions\/2863"}],"wp:featuredmedia":[{"embeddable":true,"href":"https:\/\/jirioberfalzer.cz\/index.php?rest_route=\/wp\/v2\/media\/2862"}],"wp:attachment":[{"href":"https:\/\/jirioberfalzer.cz\/index.php?rest_route=%2Fwp%2Fv2%2Fmedia&parent=2858"}],"wp:term":[{"taxonomy":"category","embeddable":true,"href":"https:\/\/jirioberfalzer.cz\/index.php?rest_route=%2Fwp%2Fv2%2Fcategories&post=2858"},{"taxonomy":"post_tag","embeddable":true,"href":"https:\/\/jirioberfalzer.cz\/index.php?rest_route=%2Fwp%2Fv2%2Ftags&post=2858"}],"curies":[{"name":"wp","href":"https:\/\/api.w.org\/{rel}","templated":true}]}}