{"id":2846,"date":"2021-11-15T14:23:37","date_gmt":"2021-11-15T13:23:37","guid":{"rendered":"http:\/\/jirioberfalzer.cz\/?p=2846"},"modified":"2021-12-17T14:42:10","modified_gmt":"2021-12-17T13:42:10","slug":"pracovni-cesta-do-izraele","status":"publish","type":"post","link":"https:\/\/jirioberfalzer.cz\/?p=2846","title":{"rendered":"Pracovn\u00ed cesta do Izraele"},"content":{"rendered":"<p><a href=\"https:\/\/jirioberfalzer.cz\/wp-content\/uploads\/2021\/12\/iz_compressed.jpg\"><img loading=\"lazy\" decoding=\"async\" class=\"aligncenter size-medium wp-image-2847\" src=\"https:\/\/jirioberfalzer.cz\/wp-content\/uploads\/2021\/12\/iz_compressed-300x225.jpg\" alt=\"\" width=\"300\" height=\"225\" srcset=\"https:\/\/jirioberfalzer.cz\/wp-content\/uploads\/2021\/12\/iz_compressed-300x225.jpg 300w, https:\/\/jirioberfalzer.cz\/wp-content\/uploads\/2021\/12\/iz_compressed-768x576.jpg 768w, https:\/\/jirioberfalzer.cz\/wp-content\/uploads\/2021\/12\/iz_compressed.jpg 960w\" sizes=\"auto, (max-width: 300px) 100vw, 300px\" \/><\/a>Jako vedouc\u00ed delegace sen\u00e1tn\u00edho Hospod\u00e1\u0159sk\u00e9ho v\u00fdboru jsem spolu s kolegy absolvoval mnoh\u00e1 setk\u00e1n\u00ed, jedn\u00e1n\u00ed a n\u00e1v\u0161t\u011bvy na n\u011bkolika m\u00edstech v Izraeli, v\u010detn\u011b jedn\u00e1n\u00ed v Knessetu. Tam jsem mj.\u00a0 p\u0159edsedovi p\u0159edal petici za vy\u0161et\u0159en\u00ed zlo\u010din\u016f agrese Hamasu podepsanou t\u0159etinou poslanc\u016f a polovinou sen\u00e1tor\u016f, kter\u00e1 bude p\u0159edlo\u017eena nov\u00e9 \u010desk\u00e9 vl\u00e1d\u011b. Izrael pokl\u00e1d\u00e1 \u010cR za spojence a p\u0159\u00edtele. R\u00e1di jsme to panu p\u0159edsedovi i poslanc\u016fm Knesetu potvrdili. P\u0159i n\u00e1v\u0161t\u011bv\u011b kibucu Kfar Masaryk jsme se tak\u00e9 zastavili u pinie zasazen\u00e9 V\u00e1clavem Havlem. Sami jsme tam tak\u00e9 zasadili strom, dub, a zah\u00e1jili v\u00fdstavu o T. G. Masarykovi. Nav\u0161t\u00edvili jsme i \u010cesk\u00e9 centrum v Jeruzal\u00e9m\u011b. Na\u0161e delegace tak\u00e9 nav\u0161t\u00edvila palestinskou samospr\u00e1vu. V prostor\u00e1ch Betl\u00e9msk\u00e9 obchodn\u00ed komory jsme jednali s ministrem n\u00e1rodn\u00edho hospod\u00e1\u0159stv\u00ed Ch\u00e1lidem al-Osajl\u00edm a se z\u00e1stupci palestinsk\u00e9 obchodn\u00ed komory v \u010dele s jej\u00edm p\u0159edsedou, \u010desk\u00fdm honor\u00e1rn\u00edm konzulem Samirem Hazb\u00fanem, a n\u00e1sledn\u011b nav\u0161t\u00edvila v\u00fdrobn\u00ed z\u00e1vod jednoho z nejv\u011bt\u0161\u00edch palestinsk\u00fdch export\u00e9r\u016f, firmy Nassar Stone. Obdr\u017eeli jsme d\u011bkovn\u00e9 dopisy z obou stran,\u00a0 mj. hezk\u00fd dopis jako ohlas na na\u0161i n\u00e1v\u0161t\u011bvu od p\u0159edsedkyn\u011b Izraelsko-\u010desk\u00e9 skupiny p\u0159\u00e1tel v Knessetu:<\/p>\n<div dir=\"auto\">&#8222;Bylo nesm\u00edrn\u00fdm pot\u011b\u0161en\u00edm setkat se s V\u00e1mi zde v Jeruzal\u00e9m\u011b. Je to d\u016fkaz pevn\u00e9 vazby mezi na\u0161imi n\u00e1rody, \u017ee jste p\u0159ijeli vzdor komplikac\u00edm protiepidemiologick\u00fdch opat\u0159en\u00ed. V\u00edm o rostouc\u00edm po\u010dtu p\u0159\u00edpad\u016f v \u010cR a p\u0159eji Va\u0161im ob\u010dan\u016fm, aby v\u0161e ve zdrav\u00ed p\u0159ekonali a vyv\u00e1zli z t\u00e9to vlny co nejd\u0159\u00edve. Jsem V\u00e1m vd\u011b\u010dna za v\u0159elou atmosf\u00e9ru na\u0161eho setk\u00e1n\u00ed a t\u011b\u0161\u00edm se na dal\u0161\u00ed.&#8220;<\/div>\n<div dir=\"auto\">Poslankyn\u011b Knessetu Michal Shir Segman<\/div>\n","protected":false},"excerpt":{"rendered":"<p>Jedn\u00e1n\u00ed s p\u0159edstaviteli Izraele a palestinsk\u00e9 samospr\u00e1vy.<\/p>\n","protected":false},"author":2,"featured_media":2847,"comment_status":"open","ping_status":"open","sticky":false,"template":"","format":"standard","meta":{"footnotes":""},"categories":[3],"tags":[],"class_list":["post-2846","post","type-post","status-publish","format-standard","has-post-thumbnail","hentry","category-udalosti-a-komentare"],"_links":{"self":[{"href":"https:\/\/jirioberfalzer.cz\/index.php?rest_route=\/wp\/v2\/posts\/2846","targetHints":{"allow":["GET"]}}],"collection":[{"href":"https:\/\/jirioberfalzer.cz\/index.php?rest_route=\/wp\/v2\/posts"}],"about":[{"href":"https:\/\/jirioberfalzer.cz\/index.php?rest_route=\/wp\/v2\/types\/post"}],"author":[{"embeddable":true,"href":"https:\/\/jirioberfalzer.cz\/index.php?rest_route=\/wp\/v2\/users\/2"}],"replies":[{"embeddable":true,"href":"https:\/\/jirioberfalzer.cz\/index.php?rest_route=%2Fwp%2Fv2%2Fcomments&post=2846"}],"version-history":[{"count":3,"href":"https:\/\/jirioberfalzer.cz\/index.php?rest_route=\/wp\/v2\/posts\/2846\/revisions"}],"predecessor-version":[{"id":2850,"href":"https:\/\/jirioberfalzer.cz\/index.php?rest_route=\/wp\/v2\/posts\/2846\/revisions\/2850"}],"wp:featuredmedia":[{"embeddable":true,"href":"https:\/\/jirioberfalzer.cz\/index.php?rest_route=\/wp\/v2\/media\/2847"}],"wp:attachment":[{"href":"https:\/\/jirioberfalzer.cz\/index.php?rest_route=%2Fwp%2Fv2%2Fmedia&parent=2846"}],"wp:term":[{"taxonomy":"category","embeddable":true,"href":"https:\/\/jirioberfalzer.cz\/index.php?rest_route=%2Fwp%2Fv2%2Fcategories&post=2846"},{"taxonomy":"post_tag","embeddable":true,"href":"https:\/\/jirioberfalzer.cz\/index.php?rest_route=%2Fwp%2Fv2%2Ftags&post=2846"}],"curies":[{"name":"wp","href":"https:\/\/api.w.org\/{rel}","templated":true}]}}