{"id":2836,"date":"2021-10-29T14:04:50","date_gmt":"2021-10-29T13:04:50","guid":{"rendered":"http:\/\/jirioberfalzer.cz\/?p=2836"},"modified":"2021-12-17T14:12:20","modified_gmt":"2021-12-17T13:12:20","slug":"masarykova-vatra-v-klinci","status":"publish","type":"post","link":"https:\/\/jirioberfalzer.cz\/?p=2836","title":{"rendered":"Masarykova vatra v Kl\u00ednci"},"content":{"rendered":"<div dir=\"auto\"><a href=\"https:\/\/jirioberfalzer.cz\/wp-content\/uploads\/2021\/12\/kli_compressed.jpg\"><img loading=\"lazy\" decoding=\"async\" class=\"aligncenter size-medium wp-image-2837\" src=\"https:\/\/jirioberfalzer.cz\/wp-content\/uploads\/2021\/12\/kli_compressed-300x225.jpg\" alt=\"\" width=\"300\" height=\"225\" srcset=\"https:\/\/jirioberfalzer.cz\/wp-content\/uploads\/2021\/12\/kli_compressed-300x225.jpg 300w, https:\/\/jirioberfalzer.cz\/wp-content\/uploads\/2021\/12\/kli_compressed-768x576.jpg 768w, https:\/\/jirioberfalzer.cz\/wp-content\/uploads\/2021\/12\/kli_compressed.jpg 960w\" sizes=\"auto, (max-width: 300px) 100vw, 300px\" \/><\/a>V den st\u00e1tn\u00edho sv\u00e1tku 28. \u0159\u00edjna jsem se \u00fa\u010dastnil tradi\u010dn\u00ed Masarykovy vatry v Kl\u00ednci. Se\u0161li jsme se tam s m\u00edstn\u00edmi hasi\u010di a hasi\u010di z okol\u00ed. O program se postaral starosta okresn\u00edho sdru\u017een\u00ed Josef Mysl\u00edn s man\u017eelkou a hudebn\u00edci &#8222;z vlastn\u00edch zdroj\u016f&#8220;.<\/div>\n<div dir=\"auto\">Dlouholet\u00fd p\u0159ed\u00e1k Zaslou\u017eil\u00fdch hasi\u010d\u016f Zden\u011bk Rychl\u00fd obdr\u017eel Z\u00e1slu\u017en\u00fd k\u0159\u00ed\u017e sv. Flori\u00e1na. A Ji\u0159\u00ed Wohlmut titul \u010destn\u00fd vedouc\u00ed represe. Na setk\u00e1n\u00ed m\u011b p\u0159iv\u00edtala tak\u00e9 pan\u00ed starostka Kl\u00ednce Mark\u00e9ta Pol\u00edvkov\u00e1. Hezk\u00e9 p\u0159\u00e1telsk\u00e9 setk\u00e1n\u00ed u p\u0159\u00edle\u017eitosti 103. v\u00fdro\u010d\u00ed vzniku samostatn\u00e9ho \u010ceskoslovenska.<\/div>\n","protected":false},"excerpt":{"rendered":"<p>Hasi\u010di v Kl\u00ednci uspo\u0159\u00e1dali tradi\u010dn\u00ed Masarykovu vatru.<\/p>\n","protected":false},"author":2,"featured_media":2837,"comment_status":"open","ping_status":"open","sticky":false,"template":"","format":"standard","meta":{"footnotes":""},"categories":[2],"tags":[],"class_list":["post-2836","post","type-post","status-publish","format-standard","has-post-thumbnail","hentry","category-z-regionu"],"_links":{"self":[{"href":"https:\/\/jirioberfalzer.cz\/index.php?rest_route=\/wp\/v2\/posts\/2836","targetHints":{"allow":["GET"]}}],"collection":[{"href":"https:\/\/jirioberfalzer.cz\/index.php?rest_route=\/wp\/v2\/posts"}],"about":[{"href":"https:\/\/jirioberfalzer.cz\/index.php?rest_route=\/wp\/v2\/types\/post"}],"author":[{"embeddable":true,"href":"https:\/\/jirioberfalzer.cz\/index.php?rest_route=\/wp\/v2\/users\/2"}],"replies":[{"embeddable":true,"href":"https:\/\/jirioberfalzer.cz\/index.php?rest_route=%2Fwp%2Fv2%2Fcomments&post=2836"}],"version-history":[{"count":1,"href":"https:\/\/jirioberfalzer.cz\/index.php?rest_route=\/wp\/v2\/posts\/2836\/revisions"}],"predecessor-version":[{"id":2838,"href":"https:\/\/jirioberfalzer.cz\/index.php?rest_route=\/wp\/v2\/posts\/2836\/revisions\/2838"}],"wp:featuredmedia":[{"embeddable":true,"href":"https:\/\/jirioberfalzer.cz\/index.php?rest_route=\/wp\/v2\/media\/2837"}],"wp:attachment":[{"href":"https:\/\/jirioberfalzer.cz\/index.php?rest_route=%2Fwp%2Fv2%2Fmedia&parent=2836"}],"wp:term":[{"taxonomy":"category","embeddable":true,"href":"https:\/\/jirioberfalzer.cz\/index.php?rest_route=%2Fwp%2Fv2%2Fcategories&post=2836"},{"taxonomy":"post_tag","embeddable":true,"href":"https:\/\/jirioberfalzer.cz\/index.php?rest_route=%2Fwp%2Fv2%2Ftags&post=2836"}],"curies":[{"name":"wp","href":"https:\/\/api.w.org\/{rel}","templated":true}]}}