{"id":2833,"date":"2021-10-28T13:55:20","date_gmt":"2021-10-28T12:55:20","guid":{"rendered":"http:\/\/jirioberfalzer.cz\/?p=2833"},"modified":"2021-12-17T14:03:59","modified_gmt":"2021-12-17T13:03:59","slug":"statni-vyznamenani-pro-generala-alexandera-hesse","status":"publish","type":"post","link":"https:\/\/jirioberfalzer.cz\/?p=2833","title":{"rendered":"St\u00e1tn\u00ed vyznamen\u00e1n\u00ed pro gener\u00e1la Alexandera Hesse"},"content":{"rendered":"<p><a href=\"https:\/\/jirioberfalzer.cz\/wp-content\/uploads\/2021\/12\/hess_compressed.jpg\"><img loading=\"lazy\" decoding=\"async\" class=\"aligncenter size-full wp-image-2834\" src=\"https:\/\/jirioberfalzer.cz\/wp-content\/uploads\/2021\/12\/hess_compressed.jpg\" alt=\"\" width=\"249\" height=\"180\" \/><\/a>M\u00e1m velkou radost, \u017ee napot\u0159et\u00ed pan prezident p\u0159ijal m\u016fj n\u00e1vrh a vyznamenal \u0158\u00e1dem B\u00edl\u00e9ho lva vojensk\u00e9 skupiny I. t\u0159\u00eddy, in memoriam, vojensk\u00e9ho letce, d\u016fstojn\u00edka \u010deskoslovensk\u00e9 arm\u00e1dy a letectva genmjr. in memoriam Alexandera Hesse, za mimo\u0159\u00e1dn\u00e9 z\u00e1sluhy o obranu a bezpe\u010dnost st\u00e1tu a vynikaj\u00edc\u00ed bojovou \u010dinnost. A. Hess je rod\u00e1k z na\u0161eho m\u011bsta, Kr\u00e1lova Dvora.<\/p>\n<p>A je\u0161t\u011b jedna pot\u011b\u0161uj\u00edc\u00ed zpr\u00e1va: na m\u016fj n\u00e1vrh pan prezident ocenil \u0158\u00e1dem B\u00edl\u00e9ho lva ob\u010dansk\u00e9 skupiny I. t\u0159\u00eddy britsk\u00e9ho politika a diplomata, spisovatele Alfreda Duff Coopera, za zvl\u00e1\u0161t\u011b vynikaj\u00edc\u00ed z\u00e1sluhy ve prosp\u011bch \u010cR. Alfred Duff Cooper byl v\u00fdznamn\u00fd britsk\u00fd konzervativn\u00ed politik, diplomat a publicista. V kabinetu Neville Chamberlaina zast\u00e1val funkci ministra n\u00e1mo\u0159nictva. Jako jedin\u00fd z \u010dlen\u016f vl\u00e1dy podal demisi na protest proti uzav\u0159en\u00ed mnichovsk\u00e9 dohody v r. 1938. Tehdy se pro p\u0159ijet\u00ed n\u011bmeck\u00fdch po\u017eadavk\u016f vyslovilo osm ministr\u016f, proti bylo tak\u00e9 osm. Rozhodl hlas premi\u00e9ra, kter\u00fd pak 27. z\u00e1\u0159\u00ed promluvil v britsk\u00e9m rozhlase. Cooper si do sv\u00e9ho den\u00edku zapsal: \u201eByl to ten nejv\u00edc depresivn\u00ed projev, jak\u00fd jsem kdy sly\u0161el. \u017d\u00e1dn\u00e1 zm\u00ednka o Francii, ani slovo solidarity nebo povzbuzen\u00ed \u010ceskoslovenska, jedin\u00e1 projeven\u00e1 sympatie byla s Hitlerem, jeho\u017e postoji k sudetsk\u00e9mu \u00fazem\u00ed premi\u00e9r rozum\u00ed. Byl jsem rozzu\u0159en\u00fd. Pokud nyn\u00ed opust\u00edme \u010cechy, nebo jim dokonce doporu\u010d\u00edme vzd\u00e1t se, budeme odpov\u011bdni za jednu z nejv\u011bt\u0161\u00edch zrad v historii. Pokud to nyn\u00ed vzd\u00e1me, bude to konec Anglie a konec demokracie.\u201c<\/p>\n","protected":false},"excerpt":{"rendered":"<p>Gener\u00e1l Alexander Hess, rod\u00e1k z Kr\u00e1lova Dvora, byl na n\u00e1vrh sen\u00e1tora J. Oberfalzera ocen\u011bn st\u00e1tn\u00edm vyznamen\u00e1n\u00edm.<\/p>\n","protected":false},"author":2,"featured_media":2834,"comment_status":"open","ping_status":"open","sticky":false,"template":"","format":"standard","meta":{"footnotes":""},"categories":[3],"tags":[],"class_list":["post-2833","post","type-post","status-publish","format-standard","has-post-thumbnail","hentry","category-udalosti-a-komentare"],"_links":{"self":[{"href":"https:\/\/jirioberfalzer.cz\/index.php?rest_route=\/wp\/v2\/posts\/2833","targetHints":{"allow":["GET"]}}],"collection":[{"href":"https:\/\/jirioberfalzer.cz\/index.php?rest_route=\/wp\/v2\/posts"}],"about":[{"href":"https:\/\/jirioberfalzer.cz\/index.php?rest_route=\/wp\/v2\/types\/post"}],"author":[{"embeddable":true,"href":"https:\/\/jirioberfalzer.cz\/index.php?rest_route=\/wp\/v2\/users\/2"}],"replies":[{"embeddable":true,"href":"https:\/\/jirioberfalzer.cz\/index.php?rest_route=%2Fwp%2Fv2%2Fcomments&post=2833"}],"version-history":[{"count":1,"href":"https:\/\/jirioberfalzer.cz\/index.php?rest_route=\/wp\/v2\/posts\/2833\/revisions"}],"predecessor-version":[{"id":2835,"href":"https:\/\/jirioberfalzer.cz\/index.php?rest_route=\/wp\/v2\/posts\/2833\/revisions\/2835"}],"wp:featuredmedia":[{"embeddable":true,"href":"https:\/\/jirioberfalzer.cz\/index.php?rest_route=\/wp\/v2\/media\/2834"}],"wp:attachment":[{"href":"https:\/\/jirioberfalzer.cz\/index.php?rest_route=%2Fwp%2Fv2%2Fmedia&parent=2833"}],"wp:term":[{"taxonomy":"category","embeddable":true,"href":"https:\/\/jirioberfalzer.cz\/index.php?rest_route=%2Fwp%2Fv2%2Fcategories&post=2833"},{"taxonomy":"post_tag","embeddable":true,"href":"https:\/\/jirioberfalzer.cz\/index.php?rest_route=%2Fwp%2Fv2%2Ftags&post=2833"}],"curies":[{"name":"wp","href":"https:\/\/api.w.org\/{rel}","templated":true}]}}