{"id":2827,"date":"2021-12-17T13:54:18","date_gmt":"2021-12-17T12:54:18","guid":{"rendered":"http:\/\/jirioberfalzer.cz\/?p=2827"},"modified":"2021-12-17T13:54:18","modified_gmt":"2021-12-17T12:54:18","slug":"vanocni-koncert-detske-lidove-muziky-noticky","status":"publish","type":"post","link":"https:\/\/jirioberfalzer.cz\/?p=2827","title":{"rendered":"V\u00e1no\u010dn\u00ed koncert d\u011btsk\u00e9 lidov\u00e9 muziky Noti\u010dky"},"content":{"rendered":"<p><a href=\"https:\/\/jirioberfalzer.cz\/wp-content\/uploads\/2021\/12\/vano_compressed.jpg\"><img loading=\"lazy\" decoding=\"async\" class=\"aligncenter size-medium wp-image-2831\" src=\"https:\/\/jirioberfalzer.cz\/wp-content\/uploads\/2021\/12\/vano_compressed-300x200.jpg\" alt=\"\" width=\"300\" height=\"200\" srcset=\"https:\/\/jirioberfalzer.cz\/wp-content\/uploads\/2021\/12\/vano_compressed-300x200.jpg 300w, https:\/\/jirioberfalzer.cz\/wp-content\/uploads\/2021\/12\/vano_compressed-768x511.jpg 768w, https:\/\/jirioberfalzer.cz\/wp-content\/uploads\/2021\/12\/vano_compressed.jpg 1000w\" sizes=\"auto, (max-width: 300px) 100vw, 300px\" \/><\/a>I letos jsem se t\u011b\u0161il na adventn\u00ed koncert Noti\u010dek v kostele sv. \u0160imona a Judy, av\u0161ak epidemick\u00e1 situace tomu cht\u011bla jinak a koncert se nakonec konal v \u0158evnic\u00edch. A m\u011bl n\u00e1dhernou atmosf\u00e9ru. Noti\u010dky op\u011bt rozd\u00e1valy radost a kr\u00e1su. Koncert\u00a0 jsem podpo\u0159il &#8222;v\u00e1no\u010dn\u00edm d\u00e1rkem&#8220; 10 tis\u00edc korun. A\u0165 se nad\u00e1le da\u0159\u00ed nadan\u00fdm d\u011btem v\u0161ech v\u011bkov\u00fdch kategori\u00ed, kte\u0159\u00ed v Noti\u010dk\u00e1ch \u00fa\u010dinkuj\u00ed.<\/p>\n","protected":false},"excerpt":{"rendered":"<p>Leto\u0161n\u00ed V\u00e1noti\u010dky &#8211; adventn\u00ed koncert Noti\u010dek &#8211; se konaly na n\u00e1m\u011bst\u00ed v \u0158evnic\u00edch.<\/p>\n","protected":false},"author":2,"featured_media":2831,"comment_status":"open","ping_status":"open","sticky":false,"template":"","format":"standard","meta":{"footnotes":""},"categories":[2],"tags":[],"class_list":["post-2827","post","type-post","status-publish","format-standard","has-post-thumbnail","hentry","category-z-regionu"],"_links":{"self":[{"href":"https:\/\/jirioberfalzer.cz\/index.php?rest_route=\/wp\/v2\/posts\/2827","targetHints":{"allow":["GET"]}}],"collection":[{"href":"https:\/\/jirioberfalzer.cz\/index.php?rest_route=\/wp\/v2\/posts"}],"about":[{"href":"https:\/\/jirioberfalzer.cz\/index.php?rest_route=\/wp\/v2\/types\/post"}],"author":[{"embeddable":true,"href":"https:\/\/jirioberfalzer.cz\/index.php?rest_route=\/wp\/v2\/users\/2"}],"replies":[{"embeddable":true,"href":"https:\/\/jirioberfalzer.cz\/index.php?rest_route=%2Fwp%2Fv2%2Fcomments&post=2827"}],"version-history":[{"count":2,"href":"https:\/\/jirioberfalzer.cz\/index.php?rest_route=\/wp\/v2\/posts\/2827\/revisions"}],"predecessor-version":[{"id":2832,"href":"https:\/\/jirioberfalzer.cz\/index.php?rest_route=\/wp\/v2\/posts\/2827\/revisions\/2832"}],"wp:featuredmedia":[{"embeddable":true,"href":"https:\/\/jirioberfalzer.cz\/index.php?rest_route=\/wp\/v2\/media\/2831"}],"wp:attachment":[{"href":"https:\/\/jirioberfalzer.cz\/index.php?rest_route=%2Fwp%2Fv2%2Fmedia&parent=2827"}],"wp:term":[{"taxonomy":"category","embeddable":true,"href":"https:\/\/jirioberfalzer.cz\/index.php?rest_route=%2Fwp%2Fv2%2Fcategories&post=2827"},{"taxonomy":"post_tag","embeddable":true,"href":"https:\/\/jirioberfalzer.cz\/index.php?rest_route=%2Fwp%2Fv2%2Ftags&post=2827"}],"curies":[{"name":"wp","href":"https:\/\/api.w.org\/{rel}","templated":true}]}}