{"id":2817,"date":"2021-10-15T17:15:18","date_gmt":"2021-10-15T16:15:18","guid":{"rendered":"http:\/\/jirioberfalzer.cz\/?p=2817"},"modified":"2021-10-15T17:15:18","modified_gmt":"2021-10-15T16:15:18","slug":"mene-tekel-konference-pravo-na-pravo","status":"publish","type":"post","link":"https:\/\/jirioberfalzer.cz\/?p=2817","title":{"rendered":"Mene Tekel &#8211; konference Pr\u00e1vo na pr\u00e1vo"},"content":{"rendered":"<div dir=\"auto\"><a href=\"https:\/\/jirioberfalzer.cz\/wp-content\/uploads\/2021\/10\/mene_compressed.jpg\"><img loading=\"lazy\" decoding=\"async\" class=\"aligncenter size-medium wp-image-2818\" src=\"https:\/\/jirioberfalzer.cz\/wp-content\/uploads\/2021\/10\/mene_compressed-300x165.jpg\" alt=\"\" width=\"300\" height=\"165\" srcset=\"https:\/\/jirioberfalzer.cz\/wp-content\/uploads\/2021\/10\/mene_compressed-300x165.jpg 300w, https:\/\/jirioberfalzer.cz\/wp-content\/uploads\/2021\/10\/mene_compressed-768x421.jpg 768w, https:\/\/jirioberfalzer.cz\/wp-content\/uploads\/2021\/10\/mene_compressed.jpg 930w\" sizes=\"auto, (max-width: 300px) 100vw, 300px\" \/><\/a>V\u010dera jsem zahajoval konferenci s n\u00e1zvem Pr\u00e1vo na pr\u00e1vo v r\u00e1mci festivalu Mene Tekel. M\u00e9 vystoupen\u00ed obsahovalo n\u00e1sleduj\u00edc\u00ed my\u0161lenky:<\/div>\n<div dir=\"auto\">A\u010dkoli si totalita m\u016f\u017ee sepsat sv\u00e9 vlastn\u00ed z\u00e1kony a ustavit nespravedliv\u00e9 soudce, p\u0159esto i nad\u00e1le mus\u00ed sahat k bezpr\u00e1v\u00ed. Bytostn\u00fdm nep\u0159\u00edtelem a ohro\u017een\u00edm je j\u00ed toti\u017e svoboda, svobodn\u00e9 po\u010d\u00edn\u00e1n\u00ed \u010dlov\u011bka, kter\u00e9 se nikdy ned\u00e1 sv\u00e1zat \u017e\u00e1dnou doktr\u00ednou. Jist\u011b pamatujeme totalitn\u00ed princip, \u017ee co nen\u00ed dovoleno, je zak\u00e1z\u00e1no. Bezpr\u00e1v\u00ed pat\u0159\u00ed ke komunismu neodd\u011bliteln\u011b: vz\u00e1jemn\u011b se pot\u0159ebuj\u00ed. Nejen kdy\u017e se \u201ebuduje a k\u00e1c\u00ed les\u201c, ale i kdy\u017e jsou spole\u010dnost a st\u00e1t \u201eznormalizov\u00e1ny\u201c. Nakonec za\u010dnou p\u0159ek\u00e1\u017eet i vlastn\u00ed z\u00e1kony. P\u0159ipome\u0148me si na tomto m\u00edst\u011b n\u00e1\u0161 V\u00fdbor na obranu nespravedliv\u011b st\u00edhan\u00fdch, VONS, kter\u00fd upozor\u0148oval na poru\u0161ov\u00e1n\u00ed vlastn\u00edch, komunistick\u00fdch z\u00e1kon\u016f, vzpome\u0148me na neboh\u00e9 Ujgury v \u010c\u00edn\u011b, kte\u0159\u00ed jsou systematicky vyhlazov\u00e1ni, a\u010dkoli \u010d\u00ednsk\u00e9 z\u00e1kony to nepo\u017eaduj\u00ed. Zak\u00e1z\u00e1na je toti\u017e nejen svoboda, ale i odli\u0161nost. Komunismus nezakazuje jen \u010diny, ale hlavn\u011b my\u0161lenky. Linkuje pravidla diskuse tak, aby ka\u017ed\u00fd nesouhlasn\u00fd n\u00e1zor byl rovnou vylou\u010den jako extr\u00e9mistick\u00fd, nehod\u00edc\u00ed se t\u00e9mata jsou tabuizov\u00e1na, lid\u00e9 odli\u0161n\u00fdch postoj\u016f d\u00e9monizov\u00e1ni nebo zesm\u011b\u0161\u0148ov\u00e1ni, pochybuj\u00edc\u00ed z vlastn\u00edch \u0159ad pran\u00fd\u0159ov\u00e1ni. Pro v\u00fdstrahu se tu a tam po\u0161lou na p\u0159ev\u00fdchovu nebo vyhod\u00ed z pr\u00e1ce, d\u011btem se zak\u00e1\u017eou studia \u010di vy\u0161\u0161\u00ed pracovn\u00ed pozice. Vlastn\u00ed z\u00e1kony i mezin\u00e1rodn\u00ed pakty (p\u0159ipome\u0148me Helsinskou \u00famluvu) komunist\u016fm nijak nep\u0159ek\u00e1\u017eelo v potla\u010dov\u00e1n\u00ed pr\u00e1va. Jen jim to trochu komplikovalo. V\u00fdtr\u017enictv\u00ed, p\u0159\u00ed\u017eivnictv\u00ed, ur\u00e1\u017eka p\u0159edstavitele sv\u011btov\u00e9 socialistick\u00e9 soustavy, pendrekov\u00fd z\u00e1kon a podobn\u00e9 pr\u00e1vn\u00ed instituty, to jsou jen mal\u00e9 st\u0159\u00edpky ze socialistick\u00e9 z\u00e1konnosti.<\/div>\n<div dir=\"auto\">V\u011b\u0159me, \u017ee to v\u0161e je u\u017e jen ot\u00e1zkou minulosti. To v\u0161ak neznamen\u00e1, \u017ee nem\u00e1me b\u00fdt ve st\u0159ehu. Pova\u017eujeme-li svobodu za z\u00e1kladn\u00ed hodnotu na\u0161eho byt\u00ed, mus\u00edme pr\u00e1vo na pr\u00e1vo br\u00e1nit ze v\u0161ech sv\u00fdch sil. Mus\u00edme nejen \u010delit v\u0161em nov\u00fdm bezpr\u00e1v\u00edm, ale vypo\u0159\u00e1dat i v\u0161echna ta star\u00e1. Po bezpr\u00e1v\u00ed, kter\u00e9 se p\u0159ikryje tlustou \u010darou, z\u016fstane pachu\u0165 a k\u0159ivda, emoce, kter\u00e9 \u010din\u00ed \u017eivot bolav\u00fdm a nesnesiteln\u00fdm.<\/div>\n<div dir=\"auto\">D\u011bkuji v\u00e1m, \u017ee se o to sna\u017e\u00edte. A d\u011bkuji na\u0161im spoluob\u010dan\u016fm, \u017ee po dlouh\u00fdch jednat\u0159iceti letech kone\u010dn\u011b nepustili komunisty do Poslaneck\u00e9 sn\u011bmovny.<\/div>\n<div dir=\"auto\">D\u011bkuji za pozornost.<\/div>\n","protected":false},"excerpt":{"rendered":"<p>V\u010dera jsem zahajoval konferenci s n\u00e1zvem Pr\u00e1vo na pr\u00e1vo v r\u00e1mci festivalu Mene Tekel.<\/p>\n","protected":false},"author":2,"featured_media":2818,"comment_status":"open","ping_status":"open","sticky":false,"template":"","format":"standard","meta":{"footnotes":""},"categories":[17],"tags":[],"class_list":["post-2817","post","type-post","status-publish","format-standard","has-post-thumbnail","hentry","category-nazory-a-rozhovory"],"_links":{"self":[{"href":"https:\/\/jirioberfalzer.cz\/index.php?rest_route=\/wp\/v2\/posts\/2817","targetHints":{"allow":["GET"]}}],"collection":[{"href":"https:\/\/jirioberfalzer.cz\/index.php?rest_route=\/wp\/v2\/posts"}],"about":[{"href":"https:\/\/jirioberfalzer.cz\/index.php?rest_route=\/wp\/v2\/types\/post"}],"author":[{"embeddable":true,"href":"https:\/\/jirioberfalzer.cz\/index.php?rest_route=\/wp\/v2\/users\/2"}],"replies":[{"embeddable":true,"href":"https:\/\/jirioberfalzer.cz\/index.php?rest_route=%2Fwp%2Fv2%2Fcomments&post=2817"}],"version-history":[{"count":1,"href":"https:\/\/jirioberfalzer.cz\/index.php?rest_route=\/wp\/v2\/posts\/2817\/revisions"}],"predecessor-version":[{"id":2819,"href":"https:\/\/jirioberfalzer.cz\/index.php?rest_route=\/wp\/v2\/posts\/2817\/revisions\/2819"}],"wp:featuredmedia":[{"embeddable":true,"href":"https:\/\/jirioberfalzer.cz\/index.php?rest_route=\/wp\/v2\/media\/2818"}],"wp:attachment":[{"href":"https:\/\/jirioberfalzer.cz\/index.php?rest_route=%2Fwp%2Fv2%2Fmedia&parent=2817"}],"wp:term":[{"taxonomy":"category","embeddable":true,"href":"https:\/\/jirioberfalzer.cz\/index.php?rest_route=%2Fwp%2Fv2%2Fcategories&post=2817"},{"taxonomy":"post_tag","embeddable":true,"href":"https:\/\/jirioberfalzer.cz\/index.php?rest_route=%2Fwp%2Fv2%2Ftags&post=2817"}],"curies":[{"name":"wp","href":"https:\/\/api.w.org\/{rel}","templated":true}]}}