{"id":2811,"date":"2021-10-15T16:21:10","date_gmt":"2021-10-15T15:21:10","guid":{"rendered":"http:\/\/jirioberfalzer.cz\/?p=2811"},"modified":"2021-10-15T16:21:10","modified_gmt":"2021-10-15T15:21:10","slug":"mistopredseda-senatu-jiri-oberfalzer-podporil-cesko-rakouske-vztahy","status":"publish","type":"post","link":"https:\/\/jirioberfalzer.cz\/?p=2811","title":{"rendered":"M\u00edstop\u0159edseda Sen\u00e1tu Ji\u0159\u00ed Oberfalzer podpo\u0159il \u010desko-rakousk\u00e9 vztahy"},"content":{"rendered":"<div class=\"kvgmc6g5 cxmmr5t8 oygrvhab hcukyx3x c1et5uql ii04i59q\">\n<div dir=\"auto\"><a href=\"https:\/\/jirioberfalzer.cz\/wp-content\/uploads\/2021\/10\/Bez-n\u00e1zvu_compressed-1.jpg\"><img loading=\"lazy\" decoding=\"async\" class=\"aligncenter size-medium wp-image-2812\" src=\"https:\/\/jirioberfalzer.cz\/wp-content\/uploads\/2021\/10\/Bez-n\u00e1zvu_compressed-1-300x177.jpg\" alt=\"\" width=\"300\" height=\"177\" srcset=\"https:\/\/jirioberfalzer.cz\/wp-content\/uploads\/2021\/10\/Bez-n\u00e1zvu_compressed-1-300x177.jpg 300w, https:\/\/jirioberfalzer.cz\/wp-content\/uploads\/2021\/10\/Bez-n\u00e1zvu_compressed-1-768x453.jpg 768w, https:\/\/jirioberfalzer.cz\/wp-content\/uploads\/2021\/10\/Bez-n\u00e1zvu_compressed-1.jpg 999w\" sizes=\"auto, (max-width: 300px) 100vw, 300px\" \/><\/a>Na p\u016fd\u011b horn\u00ed parlamentn\u00ed komory bylo p\u0159edstaveno \u010desk\u00e9 vyd\u00e1n\u00ed knihy \u201eSoused\u00e9. \u010cesko-rakousk\u00e9 d\u011bjiny.\u201c Akce se konala pod z\u00e1\u0161titou m\u00edstop\u0159edsedy Sen\u00e1tu Ji\u0159\u00edho Oberfalzera ve spolupr\u00e1ci s Masarykov\u00fdm \u00fastavem Akademie v\u011bd \u010cR a Rakousk\u00fdm kulturn\u00edm f\u00f3rem v Praze. Kniha m\u00e1 za c\u00edl p\u0159isp\u011bt k vz\u00e1jemn\u00e9mu pozn\u00e1v\u00e1n\u00ed a porozum\u011bn\u00ed a sna\u017e\u00ed se naj\u00edt sm\u00ed\u0159liv\u00fd pohled na n\u011bkdy t\u011b\u017ek\u00e1 t\u00e9mata spole\u010dn\u00e9 minulosti.<\/div>\n<\/div>\n<div class=\"o9v6fnle cxmmr5t8 oygrvhab hcukyx3x c1et5uql ii04i59q\">\n<div dir=\"auto\">\u201eP\u0159in\u00e1\u0161\u00ed zamy\u0161len\u00ed nad d\u011bjinami vz\u00e1jemn\u00e9ho sou\u017eit\u00ed i jak\u00e9hosi odcizen\u00ed \u010di nez\u00e1jmu a v neposledn\u00ed \u0159ad\u011b i konflikt\u016f uplynul\u00fdch dvou stolet\u00ed. Dvacet sedm historik\u016f ve dvan\u00e1cti kapitol\u00e1ch zkoum\u00e1, co \u010cechy a Raku\u0161any spojovalo i co je naopak rozd\u011blovalo. Nenasti\u0148uj\u00ed v\u0161ak dva soub\u011b\u017en\u00e9 p\u0159\u00edb\u011bhy n\u00e1rodn\u00edch d\u011bjin, n\u00fdbr\u017e ukazuj\u00ed, jak se ur\u010dit\u00e9 fenom\u00e9ny zapsaly do obou spole\u010dnost\u00ed,\u201c charakterizuje knihu m\u00edstop\u0159edseda Sen\u00e1tu J. Oberfalzer a dod\u00e1v\u00e1: \u201eJsem r\u00e1d, \u017ee takov\u00e1 kniha vy\u0161la a m\u016f\u017eeme ji v \u010desk\u00e9 verzi p\u0159edstavit pr\u00e1v\u011b na p\u016fd\u011b \u010desk\u00e9ho Sen\u00e1tu.\u201c<\/div>\n<div dir=\"auto\">\u010cechy a Raku\u0161any spojuj\u00ed stalet\u00ed sousedstv\u00ed a t\u0159i sta let str\u00e1ven\u00fdch ve spole\u010dn\u00e9m st\u00e1t\u011b. Oba st\u00e1ty, Rakousko a \u010ceskoslovensko, kter\u00e9 vznikly po roce 1918, \u017eily v oblasti nap\u011bt\u00ed mezi konkurenc\u00ed, pospolitost\u00ed a lhostejn\u00fdm sou\u017eit\u00edm. Navzdory r\u016fzn\u00fdm n\u00e1rodnostem a \u2013 po roce 1948 \u2013 p\u0159\u00edslu\u0161nosti k r\u016fzn\u00fdm politicko-spole\u010densk\u00fdm syst\u00e9m\u016fm je cosi spojuje. Po roce 1989 a p\u00e1du \u017eelezn\u00e9 opony jako by dominovala konfliktn\u00ed t\u00e9mata jako Temel\u00edn nebo Bene\u0161ovy dekrety. Pravdou je, \u017ee vz\u00e1jemn\u00e9 ekonomick\u00e9, politick\u00e9 a kulturn\u00ed kontakty nejsou tak t\u011bsn\u00e9, jako byly po roce 1918. Kniha \u201eSoused\u00e9\u201c iniciovala St\u00e1l\u00e1 konference rakousk\u00fdch a \u010desk\u00fdch historik\u016f o spole\u010dn\u00e9m kulturn\u00edm d\u011bdictv\u00ed (SK\u00d6TH).<\/div>\n<div dir=\"auto\">C\u00edlem autor\u016f bylo nevynechat \u017e\u00e1dn\u00e9 t\u00e9ma \u2013 ani poni\u017euj\u00edc\u00ed zach\u00e1zen\u00ed s \u010cechy v monarchii, ani krutosti nacistick\u00fdch okupant\u016f, ani vra\u017edy sudetsk\u00fdch N\u011bmc\u016f a odsun n\u011bmecky mluv\u00edc\u00ed men\u0161iny po v\u00e1lce. O doutnaj\u00edc\u00edch konfliktech, kter\u00e9 zasahuj\u00ed do sou\u010dasnosti a zt\u011b\u017euj\u00ed sou\u017eit\u00ed, by se m\u011blo otev\u0159en\u011b mluvit \u2013 a to je i ambic\u00ed knihy.<\/div>\n<div dir=\"auto\">Vydavateli z \u010desk\u00e9 strany jsou doc. Ota Konr\u00e1d, Ph.D., kter\u00fd pracuje na Kated\u0159e n\u011bmeck\u00fdch a rakousk\u00fdch studi\u00ed v Institutu mezin\u00e1rodn\u00edch studi\u00ed FSV UK, a dr. V\u00e1clav \u0160midrkal, Ph.D. z Masarykova \u00fastavu AV \u010cR. Rakousk\u00fdmi vydavateli jsou Niklas Perzi z Centra pro v\u00fdzkum migrace v St. P\u00f6lten a Hildegard Schmollerov\u00e1 z Institutu pro v\u00fdzkum modern\u00ed a sou\u010dasn\u00e9 historie Rakousk\u00e9 akademie v\u011bd ve V\u00eddni. Kniha vznikala 4 roky a n\u011bmeck\u00e1 verze byla vyd\u00e1na v roce 2019.<\/div>\n<\/div>\n","protected":false},"excerpt":{"rendered":"<p>Na p\u016fd\u011b horn\u00ed parlamentn\u00ed komory bylo p\u0159edstaveno \u010desk\u00e9 vyd\u00e1n\u00ed knihy \u201eSoused\u00e9. \u010cesko-rakousk\u00e9 d\u011bjiny.\u201c Akce se konala pod z\u00e1\u0161titou m\u00edstop\u0159edsedy Sen\u00e1tu Ji\u0159\u00edho Oberfalzera ve spolupr\u00e1ci s Masarykov\u00fdm \u00fastavem Akademie v\u011bd \u010cR a Rakousk\u00fdm kulturn\u00edm f\u00f3rem v Praze.<\/p>\n","protected":false},"author":2,"featured_media":2812,"comment_status":"open","ping_status":"open","sticky":false,"template":"","format":"standard","meta":{"footnotes":""},"categories":[16],"tags":[],"class_list":["post-2811","post","type-post","status-publish","format-standard","has-post-thumbnail","hentry","category-ze-senatu"],"_links":{"self":[{"href":"https:\/\/jirioberfalzer.cz\/index.php?rest_route=\/wp\/v2\/posts\/2811","targetHints":{"allow":["GET"]}}],"collection":[{"href":"https:\/\/jirioberfalzer.cz\/index.php?rest_route=\/wp\/v2\/posts"}],"about":[{"href":"https:\/\/jirioberfalzer.cz\/index.php?rest_route=\/wp\/v2\/types\/post"}],"author":[{"embeddable":true,"href":"https:\/\/jirioberfalzer.cz\/index.php?rest_route=\/wp\/v2\/users\/2"}],"replies":[{"embeddable":true,"href":"https:\/\/jirioberfalzer.cz\/index.php?rest_route=%2Fwp%2Fv2%2Fcomments&post=2811"}],"version-history":[{"count":1,"href":"https:\/\/jirioberfalzer.cz\/index.php?rest_route=\/wp\/v2\/posts\/2811\/revisions"}],"predecessor-version":[{"id":2813,"href":"https:\/\/jirioberfalzer.cz\/index.php?rest_route=\/wp\/v2\/posts\/2811\/revisions\/2813"}],"wp:featuredmedia":[{"embeddable":true,"href":"https:\/\/jirioberfalzer.cz\/index.php?rest_route=\/wp\/v2\/media\/2812"}],"wp:attachment":[{"href":"https:\/\/jirioberfalzer.cz\/index.php?rest_route=%2Fwp%2Fv2%2Fmedia&parent=2811"}],"wp:term":[{"taxonomy":"category","embeddable":true,"href":"https:\/\/jirioberfalzer.cz\/index.php?rest_route=%2Fwp%2Fv2%2Fcategories&post=2811"},{"taxonomy":"post_tag","embeddable":true,"href":"https:\/\/jirioberfalzer.cz\/index.php?rest_route=%2Fwp%2Fv2%2Ftags&post=2811"}],"curies":[{"name":"wp","href":"https:\/\/api.w.org\/{rel}","templated":true}]}}