{"id":2807,"date":"2021-10-05T19:24:25","date_gmt":"2021-10-05T18:24:25","guid":{"rendered":"http:\/\/jirioberfalzer.cz\/?p=2807"},"modified":"2021-10-05T19:24:25","modified_gmt":"2021-10-05T18:24:25","slug":"kukadylko-v-senatu","status":"publish","type":"post","link":"https:\/\/jirioberfalzer.cz\/?p=2807","title":{"rendered":"Kukad\u00fdlko v Sen\u00e1tu"},"content":{"rendered":"<p><a href=\"https:\/\/jirioberfalzer.cz\/wp-content\/uploads\/2021\/10\/kuk_compressed.jpg\"><img loading=\"lazy\" decoding=\"async\" class=\"aligncenter size-medium wp-image-2808\" src=\"https:\/\/jirioberfalzer.cz\/wp-content\/uploads\/2021\/10\/kuk_compressed-300x225.jpg\" alt=\"\" width=\"300\" height=\"225\" srcset=\"https:\/\/jirioberfalzer.cz\/wp-content\/uploads\/2021\/10\/kuk_compressed-300x225.jpg 300w, https:\/\/jirioberfalzer.cz\/wp-content\/uploads\/2021\/10\/kuk_compressed-768x576.jpg 768w, https:\/\/jirioberfalzer.cz\/wp-content\/uploads\/2021\/10\/kuk_compressed.jpg 1000w\" sizes=\"auto, (max-width: 300px) 100vw, 300px\" \/><\/a>V\u00edte, co je Kukad\u00fdlko? Kdo by nev\u011bd\u011bl: divadeln\u00ed soubor slo\u017een\u00fd z \u0161ikovn\u00fdch d\u011bt\u00ed r\u016fzn\u00e9ho v\u011bku, m\u00e1 z\u00e1zem\u00ed v Dob\u0159ichovic\u00edch (a vystupoval s n\u00e1mi v hudebn\u00ed poh\u00e1dce Byl jednou jeden kr\u00e1l). Letos slav\u00ed u\u017e des\u00e1t\u00e9 v\u00fdro\u010d\u00ed \u010dinnosti! Pozval jsem \u010dleny souboru do Sen\u00e1tu, kde jim pan\u00ed pr\u016fvodkyn\u011b uk\u00e1zala historick\u00e9 prostory a povypr\u00e1v\u011bla o d\u011bjin\u00e1ch. Pak si v Jednac\u00edm s\u00e1le se mnou vyzkou\u0161ely, jak to funguje u \u0159e\u010dnick\u00e9ho pult\u00edku, a nakonec jsme se spole\u010dn\u011b slavnostn\u011b naob\u011bdvali. Je\u0161t\u011b pak i s doprovodem, hlavn\u011b pod veden\u00edm sv\u00e9 &#8222;\u0161\u00e9fov\u00e9&#8220; Lucky Kukulov\u00e9, pobyli ve Vald\u0161tejnsk\u00e9 zahrad\u011b. Tak\u017ee soubore,\u00a0blahop\u0159eji a t\u011b\u0161\u00edm se na dal\u0161\u00ed spole\u010dn\u00e9 chv\u00edle!<\/p>\n","protected":false},"excerpt":{"rendered":"<p>D\u011btsk\u00fd divadeln\u00ed soubor Kukad\u00fdlko slavil sv\u00e9 des\u00e1t\u00e9 v\u00fdro\u010d\u00ed v Sen\u00e1tu<\/p>\n","protected":false},"author":2,"featured_media":2808,"comment_status":"open","ping_status":"open","sticky":false,"template":"","format":"standard","meta":{"footnotes":""},"categories":[16],"tags":[],"class_list":["post-2807","post","type-post","status-publish","format-standard","has-post-thumbnail","hentry","category-ze-senatu"],"_links":{"self":[{"href":"https:\/\/jirioberfalzer.cz\/index.php?rest_route=\/wp\/v2\/posts\/2807","targetHints":{"allow":["GET"]}}],"collection":[{"href":"https:\/\/jirioberfalzer.cz\/index.php?rest_route=\/wp\/v2\/posts"}],"about":[{"href":"https:\/\/jirioberfalzer.cz\/index.php?rest_route=\/wp\/v2\/types\/post"}],"author":[{"embeddable":true,"href":"https:\/\/jirioberfalzer.cz\/index.php?rest_route=\/wp\/v2\/users\/2"}],"replies":[{"embeddable":true,"href":"https:\/\/jirioberfalzer.cz\/index.php?rest_route=%2Fwp%2Fv2%2Fcomments&post=2807"}],"version-history":[{"count":1,"href":"https:\/\/jirioberfalzer.cz\/index.php?rest_route=\/wp\/v2\/posts\/2807\/revisions"}],"predecessor-version":[{"id":2809,"href":"https:\/\/jirioberfalzer.cz\/index.php?rest_route=\/wp\/v2\/posts\/2807\/revisions\/2809"}],"wp:featuredmedia":[{"embeddable":true,"href":"https:\/\/jirioberfalzer.cz\/index.php?rest_route=\/wp\/v2\/media\/2808"}],"wp:attachment":[{"href":"https:\/\/jirioberfalzer.cz\/index.php?rest_route=%2Fwp%2Fv2%2Fmedia&parent=2807"}],"wp:term":[{"taxonomy":"category","embeddable":true,"href":"https:\/\/jirioberfalzer.cz\/index.php?rest_route=%2Fwp%2Fv2%2Fcategories&post=2807"},{"taxonomy":"post_tag","embeddable":true,"href":"https:\/\/jirioberfalzer.cz\/index.php?rest_route=%2Fwp%2Fv2%2Ftags&post=2807"}],"curies":[{"name":"wp","href":"https:\/\/api.w.org\/{rel}","templated":true}]}}