{"id":2804,"date":"2021-10-05T19:19:07","date_gmt":"2021-10-05T18:19:07","guid":{"rendered":"http:\/\/jirioberfalzer.cz\/?p=2804"},"modified":"2021-10-05T19:19:07","modified_gmt":"2021-10-05T18:19:07","slug":"stribrna-medaile-senatu-pro-sochare-petra-vanu","status":"publish","type":"post","link":"https:\/\/jirioberfalzer.cz\/?p=2804","title":{"rendered":"St\u0159\u00edbrn\u00e1 medaile Sen\u00e1tu pro socha\u0159e Petra V\u00e1\u0148u"},"content":{"rendered":"<p><a href=\"https:\/\/jirioberfalzer.cz\/wp-content\/uploads\/2021\/10\/pv_compressed.jpg\"><img loading=\"lazy\" decoding=\"async\" class=\"aligncenter size-medium wp-image-2805\" src=\"https:\/\/jirioberfalzer.cz\/wp-content\/uploads\/2021\/10\/pv_compressed-300x279.jpg\" alt=\"\" width=\"300\" height=\"279\" srcset=\"https:\/\/jirioberfalzer.cz\/wp-content\/uploads\/2021\/10\/pv_compressed-300x279.jpg 300w, https:\/\/jirioberfalzer.cz\/wp-content\/uploads\/2021\/10\/pv_compressed-768x715.jpg 768w, https:\/\/jirioberfalzer.cz\/wp-content\/uploads\/2021\/10\/pv_compressed.jpg 973w\" sizes=\"auto, (max-width: 300px) 100vw, 300px\" \/><\/a>Na n\u00e1vrh m\u00edstop\u0159edsedy Sen\u00e1tu Ji\u0159\u00edho Oberfalzera byl St\u0159\u00edbrnou medail\u00ed p\u0159edsedy Sen\u00e1tu Parlamentu \u010cR u p\u0159\u00edle\u017eitosti st\u00e1tn\u00edho sv\u00e1tku Dne \u010desk\u00e9 st\u00e1tnosti vyznamen\u00e1n socha\u0159 Petr V\u00e1\u0148a.<\/p>\n<p>\u201eUd\u011blen\u00ed St\u0159\u00edbrn\u00e9 medaile pro socha\u0159e a restaur\u00e1tora Petra V\u00e1\u0148u navrhuji za jeho dlouholetou um\u011bleckou \u010dinnost v oblasti socha\u0159sk\u00e9 tvorby, v restaurov\u00e1n\u00ed um\u011bleck\u00fdch pam\u00e1tek a obnov\u011b sakr\u00e1ln\u00edch staveb, zejm\u00e9na pak za vytrvalou pr\u00e1ci na obnov\u011b v\u00fdznamn\u00e9 historick\u00e9 stavby, mari\u00e1nsk\u00e9ho sloupu na Starom\u011bstsk\u00e9m n\u00e1m\u011bst\u00ed v Praze. Dok\u00e1zal p\u0159ekonat nezm\u011brn\u00e9 finan\u010dn\u00ed, organiza\u010dn\u00ed i politick\u00e9 p\u0159ek\u00e1\u017eky. V tomto sv\u00e9m \u00fasil\u00ed osv\u011bd\u010dil vytrvalost, odhodl\u00e1n\u00ed a\u017e urputnost, s n\u00ed\u017e dot\u00e1hl z\u00e1m\u011br do \u0161\u0165astn\u00e9ho konce,\u201c uvedl v n\u00e1vrhu na ocen\u011bn\u00ed Ji\u0159\u00ed Oberfalzer. Jak ocen\u011bn\u00fd autor s\u00e1m \u0159\u00edk\u00e1: Je t\u0159eba v\u017edy dovypr\u00e1v\u011bt p\u0159\u00edb\u011bh a\u017e do konce.<\/p>\n","protected":false},"excerpt":{"rendered":"<p>Na n\u00e1vrh m\u00edstop\u0159edsedy Sen\u00e1tu Ji\u0159\u00edho Oberfalzera byl St\u0159\u00edbrnou medail\u00ed p\u0159edsedy Sen\u00e1tu Parlamentu \u010cR vyznamen\u00e1n socha\u0159 Petr V\u00e1\u0148a.<\/p>\n","protected":false},"author":2,"featured_media":2805,"comment_status":"open","ping_status":"open","sticky":false,"template":"","format":"standard","meta":{"footnotes":""},"categories":[3],"tags":[],"class_list":["post-2804","post","type-post","status-publish","format-standard","has-post-thumbnail","hentry","category-udalosti-a-komentare"],"_links":{"self":[{"href":"https:\/\/jirioberfalzer.cz\/index.php?rest_route=\/wp\/v2\/posts\/2804","targetHints":{"allow":["GET"]}}],"collection":[{"href":"https:\/\/jirioberfalzer.cz\/index.php?rest_route=\/wp\/v2\/posts"}],"about":[{"href":"https:\/\/jirioberfalzer.cz\/index.php?rest_route=\/wp\/v2\/types\/post"}],"author":[{"embeddable":true,"href":"https:\/\/jirioberfalzer.cz\/index.php?rest_route=\/wp\/v2\/users\/2"}],"replies":[{"embeddable":true,"href":"https:\/\/jirioberfalzer.cz\/index.php?rest_route=%2Fwp%2Fv2%2Fcomments&post=2804"}],"version-history":[{"count":1,"href":"https:\/\/jirioberfalzer.cz\/index.php?rest_route=\/wp\/v2\/posts\/2804\/revisions"}],"predecessor-version":[{"id":2806,"href":"https:\/\/jirioberfalzer.cz\/index.php?rest_route=\/wp\/v2\/posts\/2804\/revisions\/2806"}],"wp:featuredmedia":[{"embeddable":true,"href":"https:\/\/jirioberfalzer.cz\/index.php?rest_route=\/wp\/v2\/media\/2805"}],"wp:attachment":[{"href":"https:\/\/jirioberfalzer.cz\/index.php?rest_route=%2Fwp%2Fv2%2Fmedia&parent=2804"}],"wp:term":[{"taxonomy":"category","embeddable":true,"href":"https:\/\/jirioberfalzer.cz\/index.php?rest_route=%2Fwp%2Fv2%2Fcategories&post=2804"},{"taxonomy":"post_tag","embeddable":true,"href":"https:\/\/jirioberfalzer.cz\/index.php?rest_route=%2Fwp%2Fv2%2Ftags&post=2804"}],"curies":[{"name":"wp","href":"https:\/\/api.w.org\/{rel}","templated":true}]}}