{"id":2771,"date":"2021-09-09T10:26:22","date_gmt":"2021-09-09T09:26:22","guid":{"rendered":"http:\/\/jirioberfalzer.cz\/?p=2771"},"modified":"2021-09-09T10:26:22","modified_gmt":"2021-09-09T09:26:22","slug":"projekt-senat-pro-kulturu-nadchl-herce-i-divaky","status":"publish","type":"post","link":"https:\/\/jirioberfalzer.cz\/?p=2771","title":{"rendered":"Projekt \u201eSen\u00e1t pro kulturu\u201c nadchl herce i div\u00e1ky"},"content":{"rendered":"<div class=\"kvgmc6g5 cxmmr5t8 oygrvhab hcukyx3x c1et5uql ii04i59q\">\n<div dir=\"auto\"><a href=\"https:\/\/jirioberfalzer.cz\/wp-content\/uploads\/2021\/09\/sen_compressed.jpg\"><img loading=\"lazy\" decoding=\"async\" class=\"aligncenter size-medium wp-image-2772\" src=\"https:\/\/jirioberfalzer.cz\/wp-content\/uploads\/2021\/09\/sen_compressed-300x169.jpg\" alt=\"\" width=\"300\" height=\"169\" srcset=\"https:\/\/jirioberfalzer.cz\/wp-content\/uploads\/2021\/09\/sen_compressed-300x169.jpg 300w, https:\/\/jirioberfalzer.cz\/wp-content\/uploads\/2021\/09\/sen_compressed-768x432.jpg 768w, https:\/\/jirioberfalzer.cz\/wp-content\/uploads\/2021\/09\/sen_compressed.jpg 1000w\" sizes=\"auto, (max-width: 300px) 100vw, 300px\" \/><\/a>8. z\u00e1\u0159\u00ed 2021, Praha. Spu\u0161t\u011bn\u00ed \u201eSen\u00e1tu pro kulturu\u201c, projektu na podporu um\u011blc\u016f, kter\u00e9 zas\u00e1hly dopady pandemie, se po v\u0161ech str\u00e1nk\u00e1ch vyda\u0159ilo. Konstatovali to na tiskov\u00e9 konferenci m\u00edstop\u0159edseda Sen\u00e1tu Ji\u0159\u00ed Oberfalzer, p\u0159edsedkyn\u011b St\u00e1l\u00e9 komise pro pr\u00e1ci Kancel\u00e1\u0159e Sen\u00e1tu Anna Hub\u00e1\u010dkov\u00e1, \u0159editel Vinohradsk\u00e9ho divadla Tom\u00e1\u0161 T\u00f6pfer a \u0159editel \u010cinohern\u00edho klubu Vladim\u00edr Proch\u00e1zka. Ve Vald\u0161tejnsk\u00e9 zahrad\u011b se b\u011bhem \u010dervence a srpna odehr\u00e1lo p\u0159es dvacet divadeln\u00edch p\u0159edstaven\u00ed, \u010d\u00edtaj\u00edc\u00edch p\u0159ibli\u017en\u011b 60 hodin. Prakticky v\u0161echna p\u0159edstaven\u00ed byla vyprod\u00e1na, na inscenace se tak do \u010desk\u00e9ho Sen\u00e1tu p\u0159i\u0161lo pod\u00edvat v\u00edce ne\u017e 5 000 div\u00e1k\u016f.<\/div>\n<\/div>\n<div class=\"o9v6fnle cxmmr5t8 oygrvhab hcukyx3x c1et5uql ii04i59q\">\n<div dir=\"auto\">\u201eZ pohledu historie Sen\u00e1tu to byl unik\u00e1tn\u00ed projekt, kter\u00fd byl vyvol\u00e1n kulturn\u00ed abstinenc\u00ed zp\u016fsobenou pandemi\u00ed. Vznikla my\u0161lenka umo\u017enit letn\u00ed sc\u00e9nu ve Vald\u0161tejnsk\u00e9 zahrad\u011b, kter\u00e1 m\u00e1 vynikaj\u00edc\u00ed prostor salu terrenu, kde se akce daly uskute\u010dnit. Tuhle my\u0161lenku jsme museli odsouhlasit v Sen\u00e1tu a setkala se s mimo\u0159\u00e1dn\u00fdm pozitivn\u00edm ohlasem. Vznikl tak neobvykl\u00fd letn\u00ed festival, na kter\u00e9m vystoupila \u010dty\u0159i pra\u017esk\u00e1 a dv\u011b mimopra\u017esk\u00e1 divadla. Odehr\u00e1lo se p\u0159es dvacet jednotliv\u00fdch p\u0159edstaven\u00ed a nav\u0161t\u00edvilo je zhruba 5 200 div\u00e1k\u016f. To pokl\u00e1d\u00e1me za mimo\u0159\u00e1dn\u00fd ohlas,\u201c reflektoval pr\u016fb\u011bh \u201eSen\u00e1tu pro kulturu\u201c m\u00edstop\u0159edseda Ji\u0159\u00ed Oberfalzer, kter\u00fd s n\u00e1padem podpo\u0159it divadla nab\u00eddnut\u00edm prostor Sen\u00e1tu zdarma p\u016fvodn\u011b p\u0159i\u0161el. Dod\u00e1v\u00e1: \u201eMy v Sen\u00e1tu m\u00e1me radost, \u017ee jsme mohli takov\u00e9mu kulturn\u00edmu pro\u017eitku napomoci a budeme zva\u017eovat opakov\u00e1n\u00ed akce i v p\u0159\u00ed\u0161t\u00edm roce.\u201c<\/div>\n<\/div>\n<div class=\"o9v6fnle cxmmr5t8 oygrvhab hcukyx3x c1et5uql ii04i59q\">\n<div dir=\"auto\">Sen\u00e1torka Anna Hub\u00e1\u010dkov\u00e1 komentuje po\u010d\u00e1te\u010dn\u00ed nejistotu: \u201eKdy\u017e jsme rozhodovali o projektu \u00b4Sen\u00e1t pro kulturu\u00b4 a tedy podpo\u0159e na\u0161\u00ed kultury, a to hlavn\u011b divadel, \u0161li jsme do velk\u00e9ho rizika. Jak se poda\u0159\u00ed p\u0159en\u00e9st n\u011bkter\u00e1 p\u0159edstaven\u00ed do voln\u00e9ho prostoru Vald\u0161tejnsk\u00e9 zahrady? V\u0161ichni jsme moc cht\u011bli \u2013 jak Sen\u00e1t, tak divadla, ale tak\u00e9 podporuj\u00edc\u00ed div\u00e1ci \u2013 a nad\u0161en\u00ed se p\u0159eneslo do celkov\u00e9 atmosf\u00e9ry v\u0161ech p\u0159edstaven\u00ed. A u\u017e po prvn\u00edch p\u0159edstaven\u00edch mi spadl k\u00e1men ze srdce, obavy se rozplynuly a t\u011b\u0161ila jsem se z nad\u0161en\u00fdch ohlas\u016f.\u201c<\/div>\n<\/div>\n<div class=\"o9v6fnle cxmmr5t8 oygrvhab hcukyx3x c1et5uql ii04i59q\">\n<div dir=\"auto\">\u0158editel Vinohradsk\u00e9ho divadla Tom\u00e1\u0161 T\u00f6pfer dod\u00e1v\u00e1 zku\u0161enost za herce: \u201eTak jako div\u00e1k pot\u0159ebuje autentick\u00fd kulturn\u00ed z\u00e1\u017eitek, pot\u0159ebuje i um\u011blec \u017eiv\u00e9ho div\u00e1ka, se kter\u00fdm m\u016f\u017ee sd\u00edlet sv\u016fj projev a vn\u00edmat jeho reakci.\u201c A dopl\u0148uje: \u201eV\u00e1\u017e\u00edme si rozhodnut\u00ed sen\u00e1tor\u016f vyj\u00edt vst\u0159\u00edc herc\u016fm i div\u00e1k\u016fm. Sen\u00e1to\u0159i uk\u00e1zali svou podporu duchovn\u00edm hodnot\u00e1m spole\u010dnosti skute\u010dn\u00fdm \u010dinem. To je nad v\u0161echny proklamace.\u201c<\/div>\n<\/div>\n<div class=\"o9v6fnle cxmmr5t8 oygrvhab hcukyx3x c1et5uql ii04i59q\">\n<div dir=\"auto\">Na p\u016fd\u011b horn\u00ed komory parlamentu byla zastoupena jak divadla pra\u017esk\u00e1 (Vinohradsk\u00e9 divadlo, Dejvick\u00e9 divadlo, \u010cinohern\u00ed klub a Divadlo Na Z\u00e1bradl\u00ed), tak oblastn\u00ed sc\u00e9ny (Divadlo Exil \u010di Hor\u00e1ck\u00e9 divadlo Jihlava). Salu terrenu zaplnily netradi\u010dn\u011b kr\u00e1sn\u00e9 kulisy, molo na schodi\u0161ti a dokonce i ohe\u0148. Platformy byly vystav\u011bny ve v\u00fd\u0161i balustr\u00e1dy, co\u017e herc\u016fm umo\u017enilo hr\u00e1t i v bo\u010dn\u00edch oknech. P\u0159es po\u010d\u00e1te\u010dn\u00ed obavy z mo\u017en\u00e9ho po\u0161kozen\u00ed p\u00edskovcov\u00e9 dla\u017eby v sale terren\u011b i d\u00edky skv\u011bl\u00e9 pr\u00e1ci technik\u016f nic takov\u00e9ho nenastalo.<\/div>\n<\/div>\n","protected":false},"excerpt":{"rendered":"<p>Spu\u0161t\u011bn\u00ed \u201eSen\u00e1tu pro kulturu\u201c, projektu na podporu um\u011blc\u016f, kter\u00e9 zas\u00e1hly dopady pandemie, se po v\u0161ech str\u00e1nk\u00e1ch vyda\u0159ilo. Ve Vald\u0161tejnsk\u00e9 zahrad\u011b se b\u011bhem \u010dervence a srpna odehr\u00e1lo p\u0159es dvacet divadeln\u00edch p\u0159edstaven\u00ed, \u010d\u00edtaj\u00edc\u00edch p\u0159ibli\u017en\u011b 60 hodin. Prakticky v\u0161echna p\u0159edstaven\u00ed byla vyprod\u00e1na, na inscenace se tak do \u010desk\u00e9ho Sen\u00e1tu p\u0159i\u0161lo pod\u00edvat v\u00edce ne\u017e 5 000 div\u00e1k\u016f.<\/p>\n","protected":false},"author":2,"featured_media":2772,"comment_status":"open","ping_status":"open","sticky":false,"template":"","format":"standard","meta":{"footnotes":""},"categories":[16],"tags":[],"class_list":["post-2771","post","type-post","status-publish","format-standard","has-post-thumbnail","hentry","category-ze-senatu"],"_links":{"self":[{"href":"https:\/\/jirioberfalzer.cz\/index.php?rest_route=\/wp\/v2\/posts\/2771","targetHints":{"allow":["GET"]}}],"collection":[{"href":"https:\/\/jirioberfalzer.cz\/index.php?rest_route=\/wp\/v2\/posts"}],"about":[{"href":"https:\/\/jirioberfalzer.cz\/index.php?rest_route=\/wp\/v2\/types\/post"}],"author":[{"embeddable":true,"href":"https:\/\/jirioberfalzer.cz\/index.php?rest_route=\/wp\/v2\/users\/2"}],"replies":[{"embeddable":true,"href":"https:\/\/jirioberfalzer.cz\/index.php?rest_route=%2Fwp%2Fv2%2Fcomments&post=2771"}],"version-history":[{"count":1,"href":"https:\/\/jirioberfalzer.cz\/index.php?rest_route=\/wp\/v2\/posts\/2771\/revisions"}],"predecessor-version":[{"id":2773,"href":"https:\/\/jirioberfalzer.cz\/index.php?rest_route=\/wp\/v2\/posts\/2771\/revisions\/2773"}],"wp:featuredmedia":[{"embeddable":true,"href":"https:\/\/jirioberfalzer.cz\/index.php?rest_route=\/wp\/v2\/media\/2772"}],"wp:attachment":[{"href":"https:\/\/jirioberfalzer.cz\/index.php?rest_route=%2Fwp%2Fv2%2Fmedia&parent=2771"}],"wp:term":[{"taxonomy":"category","embeddable":true,"href":"https:\/\/jirioberfalzer.cz\/index.php?rest_route=%2Fwp%2Fv2%2Fcategories&post=2771"},{"taxonomy":"post_tag","embeddable":true,"href":"https:\/\/jirioberfalzer.cz\/index.php?rest_route=%2Fwp%2Fv2%2Ftags&post=2771"}],"curies":[{"name":"wp","href":"https:\/\/api.w.org\/{rel}","templated":true}]}}