{"id":2765,"date":"2021-09-05T10:13:42","date_gmt":"2021-09-05T09:13:42","guid":{"rendered":"http:\/\/jirioberfalzer.cz\/?p=2765"},"modified":"2021-09-09T10:16:32","modified_gmt":"2021-09-09T09:16:32","slug":"terezinska-tryzna","status":"publish","type":"post","link":"https:\/\/jirioberfalzer.cz\/?p=2765","title":{"rendered":"Terez\u00ednsk\u00e1 tryzna"},"content":{"rendered":"<p><a href=\"https:\/\/jirioberfalzer.cz\/wp-content\/uploads\/2021\/09\/ter_compressed.jpg\"><img loading=\"lazy\" decoding=\"async\" class=\"aligncenter size-medium wp-image-2766\" src=\"https:\/\/jirioberfalzer.cz\/wp-content\/uploads\/2021\/09\/ter_compressed-300x225.jpg\" alt=\"\" width=\"300\" height=\"225\" srcset=\"https:\/\/jirioberfalzer.cz\/wp-content\/uploads\/2021\/09\/ter_compressed-300x225.jpg 300w, https:\/\/jirioberfalzer.cz\/wp-content\/uploads\/2021\/09\/ter_compressed-768x576.jpg 768w, https:\/\/jirioberfalzer.cz\/wp-content\/uploads\/2021\/09\/ter_compressed.jpg 1000w\" sizes=\"auto, (max-width: 300px) 100vw, 300px\" \/><\/a>Dnes jsme si pietn\u00edm aktem na popravi\u0161ti v Mal\u00e9 pevnosti a n\u00e1v\u0161t\u011bvou tryzny na N\u00e1rodn\u00edm h\u0159bitov\u011b v Terez\u00edn\u011b p\u0159ipomn\u011bli utrpen\u00ed \u010desk\u00fdch ob\u010dan\u016f a ob\u010dan\u016f z dal\u0161\u00edch zem\u00ed Evropy v nacistick\u00fdch koncentra\u010dn\u00edch t\u00e1borech. Setkal jsem se p\u0159i t\u00e9 p\u0159\u00edle\u017eitosti op\u011bt i s panem Hanusem Hronem, b\u00fdval\u00fdm v\u011bzn\u011bm terez\u00ednsk\u00e9ho ghetta.<\/p>\n","protected":false},"excerpt":{"rendered":"<p>Uct\u011bn\u00ed pam\u00e1tky v Terez\u00edn\u011b<\/p>\n","protected":false},"author":2,"featured_media":2766,"comment_status":"open","ping_status":"open","sticky":false,"template":"","format":"standard","meta":{"footnotes":""},"categories":[3],"tags":[],"class_list":["post-2765","post","type-post","status-publish","format-standard","has-post-thumbnail","hentry","category-udalosti-a-komentare"],"_links":{"self":[{"href":"https:\/\/jirioberfalzer.cz\/index.php?rest_route=\/wp\/v2\/posts\/2765","targetHints":{"allow":["GET"]}}],"collection":[{"href":"https:\/\/jirioberfalzer.cz\/index.php?rest_route=\/wp\/v2\/posts"}],"about":[{"href":"https:\/\/jirioberfalzer.cz\/index.php?rest_route=\/wp\/v2\/types\/post"}],"author":[{"embeddable":true,"href":"https:\/\/jirioberfalzer.cz\/index.php?rest_route=\/wp\/v2\/users\/2"}],"replies":[{"embeddable":true,"href":"https:\/\/jirioberfalzer.cz\/index.php?rest_route=%2Fwp%2Fv2%2Fcomments&post=2765"}],"version-history":[{"count":1,"href":"https:\/\/jirioberfalzer.cz\/index.php?rest_route=\/wp\/v2\/posts\/2765\/revisions"}],"predecessor-version":[{"id":2767,"href":"https:\/\/jirioberfalzer.cz\/index.php?rest_route=\/wp\/v2\/posts\/2765\/revisions\/2767"}],"wp:featuredmedia":[{"embeddable":true,"href":"https:\/\/jirioberfalzer.cz\/index.php?rest_route=\/wp\/v2\/media\/2766"}],"wp:attachment":[{"href":"https:\/\/jirioberfalzer.cz\/index.php?rest_route=%2Fwp%2Fv2%2Fmedia&parent=2765"}],"wp:term":[{"taxonomy":"category","embeddable":true,"href":"https:\/\/jirioberfalzer.cz\/index.php?rest_route=%2Fwp%2Fv2%2Fcategories&post=2765"},{"taxonomy":"post_tag","embeddable":true,"href":"https:\/\/jirioberfalzer.cz\/index.php?rest_route=%2Fwp%2Fv2%2Ftags&post=2765"}],"curies":[{"name":"wp","href":"https:\/\/api.w.org\/{rel}","templated":true}]}}