{"id":2759,"date":"2021-09-03T09:58:19","date_gmt":"2021-09-03T08:58:19","guid":{"rendered":"http:\/\/jirioberfalzer.cz\/?p=2759"},"modified":"2021-09-09T10:03:10","modified_gmt":"2021-09-09T09:03:10","slug":"v-klubu-duchodcu-v-beroune-na-koncerte","status":"publish","type":"post","link":"https:\/\/jirioberfalzer.cz\/?p=2759","title":{"rendered":"V Klubu d\u016fchodc\u016f v Beroun\u011b na koncert\u011b"},"content":{"rendered":"<p><a href=\"https:\/\/jirioberfalzer.cz\/wp-content\/uploads\/2021\/09\/konc_compressed.jpg\"><img loading=\"lazy\" decoding=\"async\" class=\"aligncenter size-medium wp-image-2760\" src=\"https:\/\/jirioberfalzer.cz\/wp-content\/uploads\/2021\/09\/konc_compressed-300x225.jpg\" alt=\"\" width=\"300\" height=\"225\" srcset=\"https:\/\/jirioberfalzer.cz\/wp-content\/uploads\/2021\/09\/konc_compressed-300x225.jpg 300w, https:\/\/jirioberfalzer.cz\/wp-content\/uploads\/2021\/09\/konc_compressed-768x576.jpg 768w, https:\/\/jirioberfalzer.cz\/wp-content\/uploads\/2021\/09\/konc_compressed.jpg 1000w\" sizes=\"auto, (max-width: 300px) 100vw, 300px\" \/><\/a>Byl jsem pozv\u00e1n do Klubu senior\u016f v Beroun\u011b na koncert smy\u010dcov\u00e9ho kvarteta sest\u00e1vaj\u00edc\u00edho z \u010dlen\u016f Symfonick\u00e9ho orchestru \u010cesk\u00e9ho rozhlasu v Praze. V mil\u00e9 spole\u010dnosti veden\u00e9 p\u0159edsedkyn\u00ed Klubu, nest\u00e1rnouc\u00ed pan\u00ed Bo\u010dkovou, jsme vyposlechli Mozarta, \u010cajkovsk\u00e9ho a p\u0159edev\u0161\u00edm Dvo\u0159\u00e1ka. Jsem r\u00e1d, \u017ee beroun\u0161t\u00ed senio\u0159i maj\u00ed v\u0161estrann\u00e9 z\u00e1jmy a neztr\u00e1cej\u00ed el\u00e1n.<\/p>\n","protected":false},"excerpt":{"rendered":"<p>Smy\u010dcov\u00e9 kvarteto SO\u010cR zahr\u00e1lo v Klubu d\u016fchodc\u016f v Beroun\u011b. P\u011bkn\u00e9 setk\u00e1n\u00ed a popov\u00edd\u00e1n\u00ed.<\/p>\n","protected":false},"author":2,"featured_media":2760,"comment_status":"open","ping_status":"open","sticky":false,"template":"","format":"standard","meta":{"footnotes":""},"categories":[2],"tags":[],"class_list":["post-2759","post","type-post","status-publish","format-standard","has-post-thumbnail","hentry","category-z-regionu"],"_links":{"self":[{"href":"https:\/\/jirioberfalzer.cz\/index.php?rest_route=\/wp\/v2\/posts\/2759","targetHints":{"allow":["GET"]}}],"collection":[{"href":"https:\/\/jirioberfalzer.cz\/index.php?rest_route=\/wp\/v2\/posts"}],"about":[{"href":"https:\/\/jirioberfalzer.cz\/index.php?rest_route=\/wp\/v2\/types\/post"}],"author":[{"embeddable":true,"href":"https:\/\/jirioberfalzer.cz\/index.php?rest_route=\/wp\/v2\/users\/2"}],"replies":[{"embeddable":true,"href":"https:\/\/jirioberfalzer.cz\/index.php?rest_route=%2Fwp%2Fv2%2Fcomments&post=2759"}],"version-history":[{"count":1,"href":"https:\/\/jirioberfalzer.cz\/index.php?rest_route=\/wp\/v2\/posts\/2759\/revisions"}],"predecessor-version":[{"id":2761,"href":"https:\/\/jirioberfalzer.cz\/index.php?rest_route=\/wp\/v2\/posts\/2759\/revisions\/2761"}],"wp:featuredmedia":[{"embeddable":true,"href":"https:\/\/jirioberfalzer.cz\/index.php?rest_route=\/wp\/v2\/media\/2760"}],"wp:attachment":[{"href":"https:\/\/jirioberfalzer.cz\/index.php?rest_route=%2Fwp%2Fv2%2Fmedia&parent=2759"}],"wp:term":[{"taxonomy":"category","embeddable":true,"href":"https:\/\/jirioberfalzer.cz\/index.php?rest_route=%2Fwp%2Fv2%2Fcategories&post=2759"},{"taxonomy":"post_tag","embeddable":true,"href":"https:\/\/jirioberfalzer.cz\/index.php?rest_route=%2Fwp%2Fv2%2Ftags&post=2759"}],"curies":[{"name":"wp","href":"https:\/\/api.w.org\/{rel}","templated":true}]}}