{"id":2743,"date":"2021-08-18T13:58:25","date_gmt":"2021-08-18T12:58:25","guid":{"rendered":"http:\/\/jirioberfalzer.cz\/?p=2743"},"modified":"2021-09-09T10:34:54","modified_gmt":"2021-09-09T09:34:54","slug":"ucteni-pamatky-ceskoslovenskych-letcu","status":"publish","type":"post","link":"https:\/\/jirioberfalzer.cz\/?p=2743","title":{"rendered":"Uct\u011bn\u00ed pam\u00e1tky \u010deskoslovensk\u00fdch letc\u016f"},"content":{"rendered":"<p><a href=\"https:\/\/jirioberfalzer.cz\/wp-content\/uploads\/2021\/08\/Bez-n\u00e1zvu_compressed.jpg\"><img loading=\"lazy\" decoding=\"async\" class=\"aligncenter size-medium wp-image-2744\" src=\"https:\/\/jirioberfalzer.cz\/wp-content\/uploads\/2021\/08\/Bez-n\u00e1zvu_compressed-225x300.jpg\" alt=\"\" width=\"225\" height=\"300\" srcset=\"https:\/\/jirioberfalzer.cz\/wp-content\/uploads\/2021\/08\/Bez-n\u00e1zvu_compressed-225x300.jpg 225w, https:\/\/jirioberfalzer.cz\/wp-content\/uploads\/2021\/08\/Bez-n\u00e1zvu_compressed.jpg 750w\" sizes=\"auto, (max-width: 225px) 100vw, 225px\" \/><\/a>Polo\u017een\u00edm v\u011bnc\u016f u pam\u00e1tn\u00edku v podob\u011b ok\u0159\u00eddlen\u00e9ho lva v Praze na Kl\u00e1rov\u011b jsme uctili pam\u00e1tku \u010cechoslov\u00e1k\u016f, kte\u0159\u00ed za druh\u00e9 sv\u011btov\u00e9 v\u00e1lky slou\u017eili v britsk\u00e9m Kr\u00e1lovsk\u00e9m letectvu (RAF). Uplynulo 76 let od ofici\u00e1ln\u00edho n\u00e1vratu st\u00edha\u010d\u016f z 310., 312. a 313. st\u00edhac\u00ed perut\u011b RAF. Odvahu letc\u016f a jejich nasazen\u00ed je t\u0159eba vysoce ocenit. V britsk\u00e9m Kr\u00e1lovsk\u00e9m letectvu za druh\u00e9 sv\u011btov\u00e9 v\u00e1lky slou\u017eilo asi 2500 \u010cechoslov\u00e1k\u016f, kolem 500 jich zahynulo. Po n\u00e1stupu komunist\u016f k moci v \u00fanoru 1948 byli tito letci pro re\u017eim nepohodln\u00ed a mnoz\u00ed byli z politick\u00fdch d\u016fvod\u016f perzekvov\u00e1ni \u010di v\u011bzn\u011bni, n\u011bkte\u0159\u00ed zvolili op\u011btovnou emigraci. Na\u0161t\u011bst\u00ed z\u00e1m\u011br vymazat \u010diny a z\u00e1sluhy t\u011bchto hrdin\u016f komunist\u016fm nevy\u0161el, naopak se za\u0159adili na \u010destn\u00e9 m\u00edsto v na\u0161\u00ed historii. Jejich odhodl\u00e1n\u00ed a vlastenectv\u00ed jsou inspirac\u00ed jak pro dne\u0161n\u00ed generaci letc\u016f, tak i pro dal\u0161\u00ed p\u0159\u00edslu\u0161n\u00edky na\u0161\u00ed arm\u00e1dy a p\u0159\u00edkladem pro n\u00e1s v\u0161echny.<\/p>\n","protected":false},"excerpt":{"rendered":"<p>Polo\u017een\u00edm v\u011bnc\u016f u pam\u00e1tn\u00edku v podob\u011b ok\u0159\u00eddlen\u00e9ho lva v Praze na Kl\u00e1rov\u011b jsme uctili pam\u00e1tku \u010cechoslov\u00e1k\u016f, kte\u0159\u00ed za druh\u00e9 sv\u011btov\u00e9 v\u00e1lky slou\u017eili v britsk\u00e9m Kr\u00e1lovsk\u00e9m letectvu (RAF). Uplynulo 76 let od ofici\u00e1ln\u00edho n\u00e1vratu st\u00edha\u010d\u016f&#46;&#46;&#46;<\/p>\n","protected":false},"author":2,"featured_media":2744,"comment_status":"open","ping_status":"open","sticky":false,"template":"","format":"standard","meta":{"footnotes":""},"categories":[3],"tags":[],"class_list":["post-2743","post","type-post","status-publish","format-standard","has-post-thumbnail","hentry","category-udalosti-a-komentare"],"_links":{"self":[{"href":"https:\/\/jirioberfalzer.cz\/index.php?rest_route=\/wp\/v2\/posts\/2743","targetHints":{"allow":["GET"]}}],"collection":[{"href":"https:\/\/jirioberfalzer.cz\/index.php?rest_route=\/wp\/v2\/posts"}],"about":[{"href":"https:\/\/jirioberfalzer.cz\/index.php?rest_route=\/wp\/v2\/types\/post"}],"author":[{"embeddable":true,"href":"https:\/\/jirioberfalzer.cz\/index.php?rest_route=\/wp\/v2\/users\/2"}],"replies":[{"embeddable":true,"href":"https:\/\/jirioberfalzer.cz\/index.php?rest_route=%2Fwp%2Fv2%2Fcomments&post=2743"}],"version-history":[{"count":1,"href":"https:\/\/jirioberfalzer.cz\/index.php?rest_route=\/wp\/v2\/posts\/2743\/revisions"}],"predecessor-version":[{"id":2745,"href":"https:\/\/jirioberfalzer.cz\/index.php?rest_route=\/wp\/v2\/posts\/2743\/revisions\/2745"}],"wp:featuredmedia":[{"embeddable":true,"href":"https:\/\/jirioberfalzer.cz\/index.php?rest_route=\/wp\/v2\/media\/2744"}],"wp:attachment":[{"href":"https:\/\/jirioberfalzer.cz\/index.php?rest_route=%2Fwp%2Fv2%2Fmedia&parent=2743"}],"wp:term":[{"taxonomy":"category","embeddable":true,"href":"https:\/\/jirioberfalzer.cz\/index.php?rest_route=%2Fwp%2Fv2%2Fcategories&post=2743"},{"taxonomy":"post_tag","embeddable":true,"href":"https:\/\/jirioberfalzer.cz\/index.php?rest_route=%2Fwp%2Fv2%2Ftags&post=2743"}],"curies":[{"name":"wp","href":"https:\/\/api.w.org\/{rel}","templated":true}]}}