{"id":2736,"date":"2021-08-06T15:32:56","date_gmt":"2021-08-06T14:32:56","guid":{"rendered":"http:\/\/jirioberfalzer.cz\/?p=2736"},"modified":"2021-08-06T15:32:56","modified_gmt":"2021-08-06T14:32:56","slug":"mistopredseda-j-oberfalzer-hostil-vernisaz-vystavy-knezna-sv-ludmila-v-senatu","status":"publish","type":"post","link":"https:\/\/jirioberfalzer.cz\/?p=2736","title":{"rendered":"M\u00edstop\u0159edseda J. Oberfalzer hostil vernis\u00e1\u017e v\u00fdstavy Kn\u011b\u017ena sv. Ludmila v Sen\u00e1tu"},"content":{"rendered":"<p><strong><a href=\"https:\/\/jirioberfalzer.cz\/wp-content\/uploads\/2021\/08\/lud_compressed.jpg\"><img loading=\"lazy\" decoding=\"async\" class=\"aligncenter size-medium wp-image-2737\" src=\"https:\/\/jirioberfalzer.cz\/wp-content\/uploads\/2021\/08\/lud_compressed-300x200.jpg\" alt=\"\" width=\"300\" height=\"200\" srcset=\"https:\/\/jirioberfalzer.cz\/wp-content\/uploads\/2021\/08\/lud_compressed-300x200.jpg 300w, https:\/\/jirioberfalzer.cz\/wp-content\/uploads\/2021\/08\/lud_compressed-768x512.jpg 768w, https:\/\/jirioberfalzer.cz\/wp-content\/uploads\/2021\/08\/lud_compressed.jpg 930w\" sizes=\"auto, (max-width: 300px) 100vw, 300px\" \/><\/a>V leto\u0161n\u00edm roce si p\u0159ipom\u00edn\u00e1me v\u00fdznamn\u00e9 v\u00fdro\u010d\u00ed \u2013 1100 let od zavra\u017ed\u011bn\u00ed prvn\u00ed \u010desk\u00e9 kn\u011b\u017eny sv. Ludmily. V Sen\u00e1tu se k t\u00e9to p\u0159\u00edle\u017eitosti po\u0159\u00e1d\u00e1 cel\u00e1 \u0159ada akc\u00ed, z nich\u017e v\u011bt\u0161inu host\u00ed m\u00edstop\u0159edseda Ji\u0159\u00ed Oberfalzer. Nejnov\u011bji se jedn\u00e1 o dv\u011b v\u00fdstavy s titulem Kn\u011b\u017ena sv. Ludmila.<\/strong><\/p>\n<p>Osobnost historicky prvn\u00ed dolo\u017een\u00e9 \u017eeny, panovnice, sv\u011btice a babi\u010dky v \u010desk\u00fdch d\u011bjin\u00e1ch mohou z\u00e1jemci l\u00e9pe poznat na v\u00fdstav\u011b ve Vald\u0161tejnsk\u00e9 zahrad\u011b a v Mytologick\u00e9 chodb\u011b Sen\u00e1tu \u010cR. V\u00fdstava Kn\u011b\u017ena sv. Ludmila sezn\u00e1m\u00ed div\u00e1ky na dvan\u00e1cti panelech s p\u016fvodem panovnice i s jej\u00edm mu\u017eem Bo\u0159ivojem. P\u0159\u00edb\u011bh je zasazen\u00fd do souvislost\u00ed, div\u00e1ci tedy z\u00edskaj\u00ed i informace o situaci v 9. a 10. stolet\u00ed na na\u0161em \u00fazem\u00ed, p\u0159\u00edchodu k\u0159es\u0165anstv\u00ed i politice a vl\u00e1d\u011b prvn\u00edch P\u0159emyslovc\u016f. Po\u0159adatelem je spolek Svat\u00e1 Ludmila 1100 let, jeho\u017e posl\u00e1n\u00edm je p\u00e9\u010de o odkaz \u010desk\u00e9 sv\u011btice.<\/p>\n<p>Ludmila \u2013 podle legendy matka \u0161esti d\u011bt\u00ed, kter\u00e1 se vd\u00e1vala patrn\u011b v patn\u00e1cti letech a ovl\u00e1dala soudobou politiku, v\u00fdznamn\u011b ovlivnila budoucnost na\u0161\u00ed zem\u011b. V\u00fdstava jej\u00edm \u017eivotem prov\u00e1z\u00ed a popisuje tak\u00e9 vra\u017edu Ludmily na Tet\u00edn\u011b i modern\u00ed svatoludmilsk\u00fd kult. Babi\u010dka a vychovatelka sv. V\u00e1clava, sv. Ludmila se stala za 1100 let od sv\u00e9 mu\u010dednick\u00e9 smrti legendou. Prvn\u00ed \u010desk\u00e1 a slovansk\u00e1 sv\u011btice inspiruje dodnes. \u201eV\u00fdstava vlastn\u011b ukazuje, \u017ee \u017eivot Ludmily se p\u0159\u00edli\u0161 neli\u0161il od \u017eivota ostatn\u00edch obyvatel t\u00e9 doby, pravd\u011bpodobn\u011b nem\u011bla v\u00fdrazn\u00e1 privilegia. Zprost\u0159edkov\u00e1v\u00e1 tak\u00e9 obraz kulturn\u00edho a spole\u010densk\u00e9ho \u017eivota od ran\u00e9ho st\u0159edov\u011bku po sou\u010dasnost, p\u0159\u00edb\u011bh Ludmily je tedy takov\u00fd p\u0159\u00edb\u011bh \u010desk\u00fdch d\u011bjin,\u201c \u0159\u00edk\u00e1 Miroslava Jani\u010datov\u00e1, \u0159editelka spolku Svat\u00e1 Ludmila 1100 let.<\/p>\n<p><strong>Z\u00e1\u0161titu nad v\u00fdstavami i dal\u0161\u00edmi akcemi v Sen\u00e1tu p\u0159ijal p\u0159edseda Milo\u0161 Vystr\u010dil a konaj\u00ed se za podpory m\u00edstop\u0159edsedy Sen\u00e1tu Ji\u0159\u00edho Oberfalzera<\/strong>.<em> \u201e\u010cesk\u00fd Sen\u00e1t se systematicky v\u011bnuje ud\u00e1lostem i osobnostem \u010desk\u00e9 historie. Sna\u017e\u00ed se je p\u0159ipom\u00ednat a po\u0159\u00e1dat k nim odborn\u00e1 kolokvia. 1100. v\u00fdro\u010d\u00ed zavra\u017ed\u011bn\u00ed sv. Ludmily je tak\u00e9 p\u0159\u00edle\u017eitost\u00ed p\u0159ipomenout ve\u0159ejnosti tuto mnohavrstevnou osobnost \u010desk\u00fdch d\u011bjin. Na p\u016fd\u011b Sen\u00e1tu ji\u017e prob\u011bhlo n\u011bkolik akc\u00ed, kter\u00e9 upozornily na ud\u00e1losti p\u0159ipravovan\u00e9 k tomuto v\u00fdro\u010d\u00ed. P\u0159ed n\u00e1mi jsou dal\u0161\u00ed, o nich\u017e chceme informovat. Sen\u00e1t v\u011bnuje osobnosti sv. Ludmily zvl\u00e1\u0161tn\u00ed pozornost, co\u017e je patrn\u00e9 i z toho, \u017ee z\u00e1\u0161titu v\u0161em t\u011bmto akc\u00edm poskytl p\u0159edseda Milo\u0161 Vystr\u010dil. Mn\u011b osobn\u011b je svat\u00e1 Ludmila bl\u00edzk\u00e1 i proto, \u017ee jej\u00ed \u017eivotn\u00ed pou\u0165 skon\u010dila v p\u016fvabn\u00e9 obci m\u00e9ho obvodu Tet\u00edn\u011b, kde je dodnes c\u00edtit duchovn\u00ed odkaz po\u010d\u00e1tk\u016f k\u0159es\u0165anstv\u00ed v \u010desk\u00fdch zem\u00edch,<\/em>\u201c <strong>vyj\u00e1d\u0159il se m\u00edstop\u0159edseda Ji\u0159\u00ed Oberfalzer, kter\u00fd na p\u016fd\u011b Sen\u00e1tu host\u00ed v\u011bt\u0161inu akc\u00ed k v\u00fdro\u010d\u00ed sv. Ludmily.<\/strong><\/p>\n<p>O osob\u011b sv. Ludmily toho p\u0159\u00edli\u0161 nev\u00edme. Jist\u00e9 nen\u00ed nap\u0159\u00edklad m\u00edsto, odkud poch\u00e1zela, zda to skute\u010dn\u011b bylo z okol\u00ed M\u011bln\u00edka. Kostern\u00ed poz\u016fstatky historik\u016fm uk\u00e1zaly, \u017ee to musela b\u00fdt siln\u00e1 \u017eena, co\u017e prozrazuje i v\u011bk jej\u00ed tragick\u00e9 smrti \u2013 na tu dobu j\u00ed bylo zhruba 60 let. \u201eAntropologov\u00e9 zjistili z n\u00e1znak\u016f, \u017ee m\u011bla m\u00edrn\u00fd p\u0159edkus, co\u017e je typick\u00fd jev pro nejstar\u0161\u00ed generace P\u0159emyslovc\u016f \u2013 pravd\u011bpodobn\u011b to\u00a0tedy byla ona, kdo v\u00fdrazn\u011b ovlivnil vzhled rodu. K tomu i navenek neznateln\u00e9, ale rovn\u011b\u017e pro P\u0159emyslovce typick\u00e9 sr\u016fsty lebe\u010dn\u00edch \u0161v\u016f,\u201c up\u0159es\u0148uje zaj\u00edmavosti Jakub Izdn\u00fd z Univerzity Karlovy. Legendy hovo\u0159\u00ed o tom, \u017ee se Ludmila vd\u00e1vala asi v 15 letech a m\u011bla asi \u0161est d\u011bt\u00ed (3 syny a 3 dcery). Po \u010cech\u00e1ch existuje mnoho drobn\u00fdch kapl\u00ed a m\u00edst spojen\u00fdch se sv. Ludmilou. P\u0159esto\u017ee nen\u00ed mo\u017en\u00e9 historicky dolo\u017eit konkr\u00e9tn\u00ed souvislosti, sv\u011bd\u010d\u00ed to o oblib\u011b kultu t\u00e9to osobnosti.<\/p>\n<p>V\u00fdstava ve Vald\u0161tejnsk\u00e9 zahrad\u011b bude k vid\u011bn\u00ed do 31. srpna 2021. Expozice v Mytologick\u00e9 chodb\u011b Sen\u00e1tu \u010cR do 17. \u0159\u00edjna 2021.<\/p>\n<p>(S pou\u017eit\u00edm tiskov\u00e9 zpr\u00e1vy k vernis\u00e1\u017ei v\u00fdstav)<\/p>\n","protected":false},"excerpt":{"rendered":"<p>V Sen\u00e1tu se konala vernis\u00e1\u017e v\u00fdstavy Kn\u011b\u017ena sv. Ludmila v mytologick\u00e9 chodb\u011b a ve Vald\u0161tejnsk\u00e9 zahrad\u011b, kterou hostil m\u00edstop\u0159edseda Ji\u0159\u00ed Oberfalzer<\/p>\n","protected":false},"author":2,"featured_media":2737,"comment_status":"open","ping_status":"open","sticky":false,"template":"","format":"standard","meta":{"footnotes":""},"categories":[16],"tags":[],"class_list":["post-2736","post","type-post","status-publish","format-standard","has-post-thumbnail","hentry","category-ze-senatu"],"_links":{"self":[{"href":"https:\/\/jirioberfalzer.cz\/index.php?rest_route=\/wp\/v2\/posts\/2736","targetHints":{"allow":["GET"]}}],"collection":[{"href":"https:\/\/jirioberfalzer.cz\/index.php?rest_route=\/wp\/v2\/posts"}],"about":[{"href":"https:\/\/jirioberfalzer.cz\/index.php?rest_route=\/wp\/v2\/types\/post"}],"author":[{"embeddable":true,"href":"https:\/\/jirioberfalzer.cz\/index.php?rest_route=\/wp\/v2\/users\/2"}],"replies":[{"embeddable":true,"href":"https:\/\/jirioberfalzer.cz\/index.php?rest_route=%2Fwp%2Fv2%2Fcomments&post=2736"}],"version-history":[{"count":1,"href":"https:\/\/jirioberfalzer.cz\/index.php?rest_route=\/wp\/v2\/posts\/2736\/revisions"}],"predecessor-version":[{"id":2738,"href":"https:\/\/jirioberfalzer.cz\/index.php?rest_route=\/wp\/v2\/posts\/2736\/revisions\/2738"}],"wp:featuredmedia":[{"embeddable":true,"href":"https:\/\/jirioberfalzer.cz\/index.php?rest_route=\/wp\/v2\/media\/2737"}],"wp:attachment":[{"href":"https:\/\/jirioberfalzer.cz\/index.php?rest_route=%2Fwp%2Fv2%2Fmedia&parent=2736"}],"wp:term":[{"taxonomy":"category","embeddable":true,"href":"https:\/\/jirioberfalzer.cz\/index.php?rest_route=%2Fwp%2Fv2%2Fcategories&post=2736"},{"taxonomy":"post_tag","embeddable":true,"href":"https:\/\/jirioberfalzer.cz\/index.php?rest_route=%2Fwp%2Fv2%2Ftags&post=2736"}],"curies":[{"name":"wp","href":"https:\/\/api.w.org\/{rel}","templated":true}]}}