{"id":2727,"date":"2021-06-27T09:16:39","date_gmt":"2021-06-27T08:16:39","guid":{"rendered":"http:\/\/jirioberfalzer.cz\/?p=2727"},"modified":"2021-07-27T09:29:01","modified_gmt":"2021-07-27T08:29:01","slug":"vzpominka-na-mistra-jana-husa-v-beroune","status":"publish","type":"post","link":"https:\/\/jirioberfalzer.cz\/?p=2727","title":{"rendered":"Vzpom\u00ednka na mistra Jana Husa v Beroun\u011b"},"content":{"rendered":"<p><a href=\"https:\/\/jirioberfalzer.cz\/wp-content\/uploads\/2021\/07\/hus_compressed.jpg\"><img loading=\"lazy\" decoding=\"async\" class=\"aligncenter size-medium wp-image-2729\" src=\"https:\/\/jirioberfalzer.cz\/wp-content\/uploads\/2021\/07\/hus_compressed-300x225.jpg\" alt=\"\" width=\"300\" height=\"225\" srcset=\"https:\/\/jirioberfalzer.cz\/wp-content\/uploads\/2021\/07\/hus_compressed-300x225.jpg 300w, https:\/\/jirioberfalzer.cz\/wp-content\/uploads\/2021\/07\/hus_compressed-768x576.jpg 768w, https:\/\/jirioberfalzer.cz\/wp-content\/uploads\/2021\/07\/hus_compressed.jpg 1000w\" sizes=\"auto, (max-width: 300px) 100vw, 300px\" \/><\/a>M\u011bsto Beroun si p\u0159ipomn\u011blo jako ka\u017edoro\u010dn\u011b odkaz mistra Jana Husa 24. \u010dervna 2021 na Husov\u011b n\u00e1m\u011bst\u00ed u Husovy sochy. Vzpom\u00ednkov\u00e9 akce se z\u00fa\u010dastnila ve\u0159ejnost a tak\u00e9 d\u011bti ze zdej\u0161\u00ed \u0161koly. Mezi slavnostn\u00edmi projevy zazn\u011blo i vystoupen\u00ed m\u00edstop\u0159edsedy Sen\u00e1tu Ji\u0159\u00edho Oberfalzera, kter\u00fd rozvinul mj. t\u00e9ma Husova odkazu t\u00fdkaj\u00edc\u00edho se jeho v\u00fdrok\u016f o pravd\u011b, kter\u00e9 jsou nejen v\u00a0dne\u0161n\u00ed dob\u011b st\u00e1le v\u00edce aktu\u00e1ln\u00ed.<\/p>\n","protected":false},"excerpt":{"rendered":"<p>Vzpom\u00ednka na mistra Jana Husa v Beroun\u011b<\/p>\n","protected":false},"author":2,"featured_media":2729,"comment_status":"open","ping_status":"open","sticky":false,"template":"","format":"standard","meta":{"footnotes":""},"categories":[2],"tags":[],"class_list":["post-2727","post","type-post","status-publish","format-standard","has-post-thumbnail","hentry","category-z-regionu"],"_links":{"self":[{"href":"https:\/\/jirioberfalzer.cz\/index.php?rest_route=\/wp\/v2\/posts\/2727","targetHints":{"allow":["GET"]}}],"collection":[{"href":"https:\/\/jirioberfalzer.cz\/index.php?rest_route=\/wp\/v2\/posts"}],"about":[{"href":"https:\/\/jirioberfalzer.cz\/index.php?rest_route=\/wp\/v2\/types\/post"}],"author":[{"embeddable":true,"href":"https:\/\/jirioberfalzer.cz\/index.php?rest_route=\/wp\/v2\/users\/2"}],"replies":[{"embeddable":true,"href":"https:\/\/jirioberfalzer.cz\/index.php?rest_route=%2Fwp%2Fv2%2Fcomments&post=2727"}],"version-history":[{"count":1,"href":"https:\/\/jirioberfalzer.cz\/index.php?rest_route=\/wp\/v2\/posts\/2727\/revisions"}],"predecessor-version":[{"id":2730,"href":"https:\/\/jirioberfalzer.cz\/index.php?rest_route=\/wp\/v2\/posts\/2727\/revisions\/2730"}],"wp:featuredmedia":[{"embeddable":true,"href":"https:\/\/jirioberfalzer.cz\/index.php?rest_route=\/wp\/v2\/media\/2729"}],"wp:attachment":[{"href":"https:\/\/jirioberfalzer.cz\/index.php?rest_route=%2Fwp%2Fv2%2Fmedia&parent=2727"}],"wp:term":[{"taxonomy":"category","embeddable":true,"href":"https:\/\/jirioberfalzer.cz\/index.php?rest_route=%2Fwp%2Fv2%2Fcategories&post=2727"},{"taxonomy":"post_tag","embeddable":true,"href":"https:\/\/jirioberfalzer.cz\/index.php?rest_route=%2Fwp%2Fv2%2Ftags&post=2727"}],"curies":[{"name":"wp","href":"https:\/\/api.w.org\/{rel}","templated":true}]}}