{"id":2718,"date":"2021-06-26T09:03:57","date_gmt":"2021-06-26T08:03:57","guid":{"rendered":"http:\/\/jirioberfalzer.cz\/?p=2718"},"modified":"2021-06-26T09:03:57","modified_gmt":"2021-06-26T08:03:57","slug":"kral-jiri-oberfalzer-pasoval-skolaky-v-zadni-trebani","status":"publish","type":"post","link":"https:\/\/jirioberfalzer.cz\/?p=2718","title":{"rendered":"Kr\u00e1l Ji\u0159\u00ed Oberfalzer pasoval \u0161kol\u00e1ky v Zadn\u00ed T\u0159ebani"},"content":{"rendered":"<p><a href=\"https:\/\/jirioberfalzer.cz\/wp-content\/uploads\/2021\/06\/kral_compressed-1.jpg\"><img loading=\"lazy\" decoding=\"async\" class=\"aligncenter size-medium wp-image-2719\" src=\"https:\/\/jirioberfalzer.cz\/wp-content\/uploads\/2021\/06\/kral_compressed-1-300x200.jpg\" alt=\"\" width=\"300\" height=\"200\" srcset=\"https:\/\/jirioberfalzer.cz\/wp-content\/uploads\/2021\/06\/kral_compressed-1-300x200.jpg 300w, https:\/\/jirioberfalzer.cz\/wp-content\/uploads\/2021\/06\/kral_compressed-1-768x511.jpg 768w, https:\/\/jirioberfalzer.cz\/wp-content\/uploads\/2021\/06\/kral_compressed-1.jpg 1000w\" sizes=\"auto, (max-width: 300px) 100vw, 300px\" \/><\/a>V r\u00e1mci \u0161koln\u00ed zahradn\u00ed slavnosti m\u011b v \u00fater\u00fd 22. 6. za zvuku kr\u00e1lovsk\u00fdch fanf\u00e1r uv\u00edtali jako vz\u00e1cn\u00e9ho hosta, kr\u00e1le, v z\u00e1kladn\u00ed \u0161kole v Zadn\u00ed T\u0159ebani. M\u011bl jsem tu \u010dest pasovat m\u00edstn\u00ed p\u0159ed\u0161kol\u00e1ky do pozice \u0161kol\u00e1k\u016f, prv\u0148\u00e1\u010dky na \u010dten\u00e1\u0159e a p\u00e1\u0165\u00e1ky na absolventy. \u0160kol\u00e1\u010dci rodi\u010d\u016fm p\u0159edvedli sv\u016fj hudebn\u011b-tane\u010dn\u00ed um a p\u00edsn\u00ed Ahoj l\u00e9to navodili letn\u00ed pr\u00e1zdninovou atmosf\u00e9ru. N\u00e1sledovalo divadeln\u00ed vystoupen\u00ed \u017e\u00e1k\u016f 2. a 3. ro\u010dn\u00edku Zv\u00ed\u0159\u00e1tka a loupe\u017en\u00edci, \u017e\u00e1ci 4. a 5. ro\u010dn\u00edku zahr\u00e1li divadlo Na louce. N\u00e1sledoval piknik (je p\u011bkn\u00e9, \u017ee ka\u017ed\u00fd p\u0159inesl n\u011bco na zub nebo p\u0159isp\u011bl finan\u010dn\u011b) a zp\u00edv\u00e1n\u00ed s kapelou T\u0159ehusk. Prost\u011b p\u011bkn\u00fd a mil\u00fd podve\u010der.<\/p>\n","protected":false},"excerpt":{"rendered":"<p>J. Oberfalzer jako kr\u00e1l pasoval \u0161kol\u00e1ky<\/p>\n","protected":false},"author":2,"featured_media":2719,"comment_status":"open","ping_status":"open","sticky":false,"template":"","format":"standard","meta":{"footnotes":""},"categories":[2],"tags":[],"class_list":["post-2718","post","type-post","status-publish","format-standard","has-post-thumbnail","hentry","category-z-regionu"],"_links":{"self":[{"href":"https:\/\/jirioberfalzer.cz\/index.php?rest_route=\/wp\/v2\/posts\/2718","targetHints":{"allow":["GET"]}}],"collection":[{"href":"https:\/\/jirioberfalzer.cz\/index.php?rest_route=\/wp\/v2\/posts"}],"about":[{"href":"https:\/\/jirioberfalzer.cz\/index.php?rest_route=\/wp\/v2\/types\/post"}],"author":[{"embeddable":true,"href":"https:\/\/jirioberfalzer.cz\/index.php?rest_route=\/wp\/v2\/users\/2"}],"replies":[{"embeddable":true,"href":"https:\/\/jirioberfalzer.cz\/index.php?rest_route=%2Fwp%2Fv2%2Fcomments&post=2718"}],"version-history":[{"count":1,"href":"https:\/\/jirioberfalzer.cz\/index.php?rest_route=\/wp\/v2\/posts\/2718\/revisions"}],"predecessor-version":[{"id":2720,"href":"https:\/\/jirioberfalzer.cz\/index.php?rest_route=\/wp\/v2\/posts\/2718\/revisions\/2720"}],"wp:featuredmedia":[{"embeddable":true,"href":"https:\/\/jirioberfalzer.cz\/index.php?rest_route=\/wp\/v2\/media\/2719"}],"wp:attachment":[{"href":"https:\/\/jirioberfalzer.cz\/index.php?rest_route=%2Fwp%2Fv2%2Fmedia&parent=2718"}],"wp:term":[{"taxonomy":"category","embeddable":true,"href":"https:\/\/jirioberfalzer.cz\/index.php?rest_route=%2Fwp%2Fv2%2Fcategories&post=2718"},{"taxonomy":"post_tag","embeddable":true,"href":"https:\/\/jirioberfalzer.cz\/index.php?rest_route=%2Fwp%2Fv2%2Ftags&post=2718"}],"curies":[{"name":"wp","href":"https:\/\/api.w.org\/{rel}","templated":true}]}}