{"id":2639,"date":"2021-03-31T09:00:20","date_gmt":"2021-03-31T08:00:20","guid":{"rendered":"http:\/\/jirioberfalzer.cz\/?p=2639"},"modified":"2021-04-07T09:33:12","modified_gmt":"2021-04-07T08:33:12","slug":"pozadal-jsem-o-informace-o-statnich-zakazkach","status":"publish","type":"post","link":"https:\/\/jirioberfalzer.cz\/?p=2639","title":{"rendered":"Po\u017e\u00e1dal jsem o informace o st\u00e1tn\u00edch zak\u00e1zk\u00e1ch"},"content":{"rendered":"<div class=\"o9v6fnle cxmmr5t8 oygrvhab hcukyx3x c1et5uql ii04i59q\">\n<div dir=\"auto\"><a href=\"https:\/\/jirioberfalzer.cz\/wp-content\/uploads\/2020\/04\/rou\u0161ka_compressed.jpg\"><img loading=\"lazy\" decoding=\"async\" class=\"aligncenter size-medium wp-image-2534\" src=\"https:\/\/jirioberfalzer.cz\/wp-content\/uploads\/2020\/04\/rou\u0161ka_compressed-300x158.jpg\" alt=\"\" width=\"300\" height=\"158\" srcset=\"https:\/\/jirioberfalzer.cz\/wp-content\/uploads\/2020\/04\/rou\u0161ka_compressed-300x158.jpg 300w, https:\/\/jirioberfalzer.cz\/wp-content\/uploads\/2020\/04\/rou\u0161ka_compressed-768x405.jpg 768w, https:\/\/jirioberfalzer.cz\/wp-content\/uploads\/2020\/04\/rou\u0161ka_compressed.jpg 930w\" sizes=\"auto, (max-width: 300px) 100vw, 300px\" \/><\/a>\u0160et\u0159en\u00ed Nejvy\u0161\u0161\u00edho kontroln\u00edho \u00fa\u0159adu, kter\u00e9 se zam\u011b\u0159ilo na n\u00e1kupy osobn\u00edch ochrann\u00fdch prost\u0159edk\u016f a zdravotnick\u00fdch prost\u0159edk\u016f od 1. ledna do 31. srpna minul\u00e9ho roku, obna\u017eilo nejen naprostou nep\u0159ipravenost vl\u00e1dy na jakoukoli pandemii, ale i skand\u00e1ln\u00ed okolnosti n\u011bkter\u00fdch n\u00e1kup\u016f, kdy se z ve\u0159ejn\u00fdch pen\u011bz po\u0159izovaly nekvalitn\u00ed a p\u0159edra\u017een\u00e9 ochrann\u00e9 prost\u0159edky. T\u011b\u017eko \u0159\u00edct, zda se jednalo o z\u00e1m\u011br, nebo neschopnost. S\u00e1m si o tom mysl\u00edm sv\u00e9.<\/div>\n<\/div>\n<div class=\"o9v6fnle cxmmr5t8 oygrvhab hcukyx3x c1et5uql ii04i59q\">\n<div dir=\"auto\">\u201eVzhledem k dosavadn\u00edmu p\u016fsoben\u00ed t\u00e9to vl\u00e1dy m\u00e1m velk\u00e9 pochybnosti o tom, \u017ee se na druhou vlnu pandemie p\u0159ipravila l\u00e9pe, \u010di \u017ee se pou\u010dila ze sv\u00fdch jarn\u00edch chyb. Druh\u00fd nouzov\u00fd stav p\u0159itom trv\u00e1 ji\u017e od 5. \u0159\u00edjna minul\u00e9ho roku, naposledy byl \u2013 fakticky posedm\u00e9 \u2013 prodlou\u017een minul\u00fd t\u00fdden, a\u010d vl\u00e1da m\u00e1 ji\u017e k dispozici pandemick\u00fd z\u00e1kon. Rozhodl jsem se proto podle z\u00e1kona o svobodn\u00e9m p\u0159\u00edstupu k informac\u00edm po\u017e\u00e1dat ministerstvo vnitra, ministerstvo zdravotnictv\u00ed a Spr\u00e1vu st\u00e1tn\u00edch hmotn\u00fdch rezerv o p\u0159ehled a podrobnosti v\u0161ech jejich ve\u0159ejn\u00fdch zak\u00e1zek, kter\u00e9 od \u0159\u00edjna 2020 s odvol\u00e1n\u00edm na nouzov\u00fd stav realizovaly bez v\u00fdb\u011brov\u00fdch \u0159\u00edzen\u00ed,\u201c \u0159\u00edk\u00e1 m\u00edstop\u0159edseda Sen\u00e1tu Ji\u0159\u00ed Oberfalzer a dod\u00e1v\u00e1: \u201eAndrej Babi\u0161 se sv\u00fdm spol\u010den\u00edm n\u00e1s u\u017e bohu\u017eel mnohokr\u00e1t p\u0159esv\u011bd\u010dil o tom, \u017ee za vzletn\u00fdmi slovy se skr\u00fdvaj\u00ed velmi konkr\u00e9tn\u00ed z\u00e1jmy a \u017ee je t\u0159eba mu neust\u00e1le koukat pod prsty.\u201c<\/div>\n<\/div>\n","protected":false},"excerpt":{"rendered":"<p>\u0160et\u0159en\u00ed Nejvy\u0161\u0161\u00edho kontroln\u00edho \u00fa\u0159adu, kter\u00e9 se zam\u011b\u0159ilo na n\u00e1kupy osobn\u00edch ochrann\u00fdch prost\u0159edk\u016f a zdravotnick\u00fdch prost\u0159edk\u016f od 1. ledna do 31. srpna minul\u00e9ho roku, obna\u017eilo nejen naprostou nep\u0159ipravenost vl\u00e1dy na jakoukoli pandemii, ale i skand\u00e1ln\u00ed&#46;&#46;&#46;<\/p>\n","protected":false},"author":2,"featured_media":2534,"comment_status":"open","ping_status":"open","sticky":false,"template":"","format":"standard","meta":{"footnotes":""},"categories":[17],"tags":[],"class_list":["post-2639","post","type-post","status-publish","format-standard","has-post-thumbnail","hentry","category-nazory-a-rozhovory"],"_links":{"self":[{"href":"https:\/\/jirioberfalzer.cz\/index.php?rest_route=\/wp\/v2\/posts\/2639","targetHints":{"allow":["GET"]}}],"collection":[{"href":"https:\/\/jirioberfalzer.cz\/index.php?rest_route=\/wp\/v2\/posts"}],"about":[{"href":"https:\/\/jirioberfalzer.cz\/index.php?rest_route=\/wp\/v2\/types\/post"}],"author":[{"embeddable":true,"href":"https:\/\/jirioberfalzer.cz\/index.php?rest_route=\/wp\/v2\/users\/2"}],"replies":[{"embeddable":true,"href":"https:\/\/jirioberfalzer.cz\/index.php?rest_route=%2Fwp%2Fv2%2Fcomments&post=2639"}],"version-history":[{"count":4,"href":"https:\/\/jirioberfalzer.cz\/index.php?rest_route=\/wp\/v2\/posts\/2639\/revisions"}],"predecessor-version":[{"id":2644,"href":"https:\/\/jirioberfalzer.cz\/index.php?rest_route=\/wp\/v2\/posts\/2639\/revisions\/2644"}],"wp:featuredmedia":[{"embeddable":true,"href":"https:\/\/jirioberfalzer.cz\/index.php?rest_route=\/wp\/v2\/media\/2534"}],"wp:attachment":[{"href":"https:\/\/jirioberfalzer.cz\/index.php?rest_route=%2Fwp%2Fv2%2Fmedia&parent=2639"}],"wp:term":[{"taxonomy":"category","embeddable":true,"href":"https:\/\/jirioberfalzer.cz\/index.php?rest_route=%2Fwp%2Fv2%2Fcategories&post=2639"},{"taxonomy":"post_tag","embeddable":true,"href":"https:\/\/jirioberfalzer.cz\/index.php?rest_route=%2Fwp%2Fv2%2Ftags&post=2639"}],"curies":[{"name":"wp","href":"https:\/\/api.w.org\/{rel}","templated":true}]}}