{"id":2636,"date":"2021-03-19T08:21:10","date_gmt":"2021-03-19T07:21:10","guid":{"rendered":"http:\/\/jirioberfalzer.cz\/?p=2636"},"modified":"2021-03-19T08:21:10","modified_gmt":"2021-03-19T07:21:10","slug":"2636","status":"publish","type":"post","link":"https:\/\/jirioberfalzer.cz\/?p=2636","title":{"rendered":""},"content":{"rendered":"<p><a href=\"https:\/\/jirioberfalzer.cz\/wp-content\/uploads\/2021\/03\/monografie-sv.-Ludmily-sv.-Ji\u0159\u00ed-m\u0161e-2021_compressed.jpg\"><img loading=\"lazy\" decoding=\"async\" class=\"aligncenter size-medium wp-image-2637\" src=\"https:\/\/jirioberfalzer.cz\/wp-content\/uploads\/2021\/03\/monografie-sv.-Ludmily-sv.-Ji\u0159\u00ed-m\u0161e-2021_compressed-300x200.jpg\" alt=\"\" width=\"300\" height=\"200\" srcset=\"https:\/\/jirioberfalzer.cz\/wp-content\/uploads\/2021\/03\/monografie-sv.-Ludmily-sv.-Ji\u0159\u00ed-m\u0161e-2021_compressed-300x200.jpg 300w, https:\/\/jirioberfalzer.cz\/wp-content\/uploads\/2021\/03\/monografie-sv.-Ludmily-sv.-Ji\u0159\u00ed-m\u0161e-2021_compressed-1024x684.jpg 1024w, https:\/\/jirioberfalzer.cz\/wp-content\/uploads\/2021\/03\/monografie-sv.-Ludmily-sv.-Ji\u0159\u00ed-m\u0161e-2021_compressed-768x513.jpg 768w, https:\/\/jirioberfalzer.cz\/wp-content\/uploads\/2021\/03\/monografie-sv.-Ludmily-sv.-Ji\u0159\u00ed-m\u0161e-2021_compressed-1536x1025.jpg 1536w, https:\/\/jirioberfalzer.cz\/wp-content\/uploads\/2021\/03\/monografie-sv.-Ludmily-sv.-Ji\u0159\u00ed-m\u0161e-2021_compressed.jpg 1618w\" sizes=\"auto, (max-width: 300px) 100vw, 300px\" \/><\/a>Ve \u010dtvrtek 18. \u00fanora slavil Mons. Zden\u011bk Wasserbauer v bazilice sv. Ji\u0159\u00ed <b>m\u0161i,\u00a0p\u0159i kter\u00e9 slavnostn\u011b po\u017eehnal monografii o sv. Ludmile a tak\u00e9 putovn\u00ed ikonu.\u00a0<\/b>Po m\u0161i k p\u0159\u00edtomn\u00fdm, kde byl mezi pozvan\u00fdmi m\u00edstop\u0159edseda Sen\u00e1tu Ji\u0159\u00ed Oberfalzer, promluvil editor knihy Mgr. Jakub Izdn\u00fd, PhD, P. Petr Buben\u00ed\u010dek, kter\u00fd p\u0159edstavil ikonu, a Ing. Martin Hrdli\u010dka, p\u0159edseda spolku Svat\u00e1 Ludmila 1100let. Vyd\u00e1n\u00ed monografie o \u017eivot\u011b a v\u00fdznamu \u010desk\u00e9 sv\u011btice sv. Ludmily je jednou z akc\u00ed v r\u00e1mci leto\u0161n\u00edho Roku sv. Ludmily u p\u0159\u00edle\u017eitosti 1100. v\u00fdro\u010d\u00ed jej\u00ed smrti na Tet\u00edn\u011b.<\/p>\n","protected":false},"excerpt":{"rendered":"<p>V bazilice sv. Ji\u0159\u00ed byla p\u0159i m\u0161i slavnostn\u011b po\u017eehn\u00e1na monografie o sv. Ludmile a tak\u00e9 putovn\u00ed ikona.\u00a0<\/p>\n","protected":false},"author":2,"featured_media":2637,"comment_status":"open","ping_status":"open","sticky":false,"template":"","format":"standard","meta":{"footnotes":""},"categories":[3],"tags":[],"class_list":["post-2636","post","type-post","status-publish","format-standard","has-post-thumbnail","hentry","category-udalosti-a-komentare"],"_links":{"self":[{"href":"https:\/\/jirioberfalzer.cz\/index.php?rest_route=\/wp\/v2\/posts\/2636","targetHints":{"allow":["GET"]}}],"collection":[{"href":"https:\/\/jirioberfalzer.cz\/index.php?rest_route=\/wp\/v2\/posts"}],"about":[{"href":"https:\/\/jirioberfalzer.cz\/index.php?rest_route=\/wp\/v2\/types\/post"}],"author":[{"embeddable":true,"href":"https:\/\/jirioberfalzer.cz\/index.php?rest_route=\/wp\/v2\/users\/2"}],"replies":[{"embeddable":true,"href":"https:\/\/jirioberfalzer.cz\/index.php?rest_route=%2Fwp%2Fv2%2Fcomments&post=2636"}],"version-history":[{"count":1,"href":"https:\/\/jirioberfalzer.cz\/index.php?rest_route=\/wp\/v2\/posts\/2636\/revisions"}],"predecessor-version":[{"id":2638,"href":"https:\/\/jirioberfalzer.cz\/index.php?rest_route=\/wp\/v2\/posts\/2636\/revisions\/2638"}],"wp:featuredmedia":[{"embeddable":true,"href":"https:\/\/jirioberfalzer.cz\/index.php?rest_route=\/wp\/v2\/media\/2637"}],"wp:attachment":[{"href":"https:\/\/jirioberfalzer.cz\/index.php?rest_route=%2Fwp%2Fv2%2Fmedia&parent=2636"}],"wp:term":[{"taxonomy":"category","embeddable":true,"href":"https:\/\/jirioberfalzer.cz\/index.php?rest_route=%2Fwp%2Fv2%2Fcategories&post=2636"},{"taxonomy":"post_tag","embeddable":true,"href":"https:\/\/jirioberfalzer.cz\/index.php?rest_route=%2Fwp%2Fv2%2Ftags&post=2636"}],"curies":[{"name":"wp","href":"https:\/\/api.w.org\/{rel}","templated":true}]}}