{"id":2632,"date":"2021-03-16T10:41:15","date_gmt":"2021-03-16T09:41:15","guid":{"rendered":"http:\/\/jirioberfalzer.cz\/?p=2632"},"modified":"2021-03-16T10:41:15","modified_gmt":"2021-03-16T09:41:15","slug":"jiri-oberfalzer-policejni-zasahy-proti-obcanum-kvuli-nenasazene-rousce-na-ulici-jsou-nepripustne","status":"publish","type":"post","link":"https:\/\/jirioberfalzer.cz\/?p=2632","title":{"rendered":"Ji\u0159\u00ed Oberfalzer: Policejn\u00ed z\u00e1sahy proti ob\u010dan\u016fm kv\u016fli nenasazen\u00e9 rou\u0161ce na ulici jsou nep\u0159\u00edpustn\u00e9"},"content":{"rendered":"<p><strong><a href=\"https:\/\/jirioberfalzer.cz\/wp-content\/uploads\/2021\/03\/resp_compressed.jpg\"><img loading=\"lazy\" decoding=\"async\" class=\"aligncenter size-medium wp-image-2633\" src=\"https:\/\/jirioberfalzer.cz\/wp-content\/uploads\/2021\/03\/resp_compressed-300x225.jpg\" alt=\"\" width=\"300\" height=\"225\" srcset=\"https:\/\/jirioberfalzer.cz\/wp-content\/uploads\/2021\/03\/resp_compressed-300x225.jpg 300w, https:\/\/jirioberfalzer.cz\/wp-content\/uploads\/2021\/03\/resp_compressed-768x576.jpg 768w, https:\/\/jirioberfalzer.cz\/wp-content\/uploads\/2021\/03\/resp_compressed.jpg 1024w\" sizes=\"auto, (max-width: 300px) 100vw, 300px\" \/><\/a>V posledn\u00edch t\u00fddnech prob\u011bhlo n\u011bkolik nep\u0159im\u011b\u0159en\u00fdch z\u00e1sah\u016f m\u011bstsk\u00fdch str\u00e1\u017en\u00edk\u016f (Ostrava, Uhersk\u00e9 Hradi\u0161t\u011b) a nov\u011b i st\u00e1tn\u00ed policie (\u010cesk\u00e9 Bud\u011bjovice) proti spoluob\u010dan\u016fm, kte\u0159\u00ed na otev\u0159en\u00fdch prostranstv\u00edch pr\u00e1zdn\u00fdch ulic nem\u011bli nasazenou chirurgickou rou\u0161ku. Toto bezpe\u010dnostn\u00ed opat\u0159en\u00ed je zbyte\u010dn\u00e9 a jedn\u00e1n\u00ed policist\u016f nep\u0159\u00edpustn\u00e9. O smysluplnosti dan\u00e9ho vl\u00e1dn\u00edho opat\u0159en\u00ed ji\u017e ve\u0159ejn\u011b pochybuje i s\u00e1m ministr zdravotnictv\u00ed Jan Blatn\u00fd. <\/strong><\/p>\n<p><em>\u201eV t\u00e9to souvislosti pokl\u00e1d\u00e1m za naprosto nevhodn\u00fd v\u00fdrok ministra vnitra Jana Ham\u00e1\u010dka, \u017ee za p\u0159\u00edslu\u0161n\u00fdmi policisty stoj\u00ed, by\u0165 s dov\u011btkem, \u017ee jen dokud jim nebude cokoli prok\u00e1z\u00e1no. Pominu-li neuv\u011b\u0159iteln\u00fd alibismus dan\u00e9ho v\u00fdroku, mus\u00edm se p\u0159edev\u0161\u00edm ohradit proti tomu, \u017ee \u010dlov\u011bk zodpov\u011bdn\u00fd za bezpe\u010dnost a dodr\u017eov\u00e1n\u00ed pr\u00e1va v na\u0161ich ulic\u00edch nevyz\u00fdv\u00e1 unaven\u00e9 a frustrovan\u00e9 policisty k dodr\u017eov\u00e1n\u00ed z\u00e1sady p\u0159im\u011b\u0159enosti i norm\u00e1ln\u00ed lidsk\u00e9 slu\u0161nosti. M\u00edsto aby vyzdvihl naprostou v\u011bt\u0161inu \u010desk\u00fdch policist\u016f, kte\u0159\u00ed se cel\u00fd rok chovali hum\u00e1nn\u011b a mnohdy i s velkou empati\u00ed, zastane se ujet\u00fdch nerv\u016f a nespr\u00e1vn\u00e9ho vyhodnocen\u00ed nebezpe\u010dnosti dan\u00e9 situace. To bohu\u017eel nap\u011bt\u00ed v na\u0161ich ulic\u00edch jenom zv\u00fd\u0161\u00ed a pov\u011bst policie jako sboru \u201aml\u00e1ti\u010dek\u2018 jen umocn\u00ed,\u201c<\/em> uvedl m\u00edstop\u0159edseda Sen\u00e1tu <strong>Ji\u0159\u00ed Oberfalzer<\/strong>.<\/p>\n","protected":false},"excerpt":{"rendered":"<p>V posledn\u00edch t\u00fddnech prob\u011bhlo n\u011bkolik nep\u0159im\u011b\u0159en\u00fdch z\u00e1sah\u016f m\u011bstsk\u00fdch str\u00e1\u017en\u00edk\u016f (Ostrava, Uhersk\u00e9 Hradi\u0161t\u011b) a nov\u011b i st\u00e1tn\u00ed policie (\u010cesk\u00e9 Bud\u011bjovice) proti spoluob\u010dan\u016fm, kte\u0159\u00ed na otev\u0159en\u00fdch prostranstv\u00edch pr\u00e1zdn\u00fdch ulic nem\u011bli nasazenou chirurgickou rou\u0161ku. Toto bezpe\u010dnostn\u00ed opat\u0159en\u00ed je zbyte\u010dn\u00e9 a jedn\u00e1n\u00ed policist\u016f nep\u0159\u00edpustn\u00e9. O smysluplnosti dan\u00e9ho vl\u00e1dn\u00edho opat\u0159en\u00ed ji\u017e ve\u0159ejn\u011b pochybuje i s\u00e1m ministr zdravotnictv\u00ed Jan Blatn\u00fd. <\/p>\n","protected":false},"author":2,"featured_media":2633,"comment_status":"open","ping_status":"open","sticky":false,"template":"","format":"standard","meta":{"footnotes":""},"categories":[17],"tags":[],"class_list":["post-2632","post","type-post","status-publish","format-standard","has-post-thumbnail","hentry","category-nazory-a-rozhovory"],"_links":{"self":[{"href":"https:\/\/jirioberfalzer.cz\/index.php?rest_route=\/wp\/v2\/posts\/2632","targetHints":{"allow":["GET"]}}],"collection":[{"href":"https:\/\/jirioberfalzer.cz\/index.php?rest_route=\/wp\/v2\/posts"}],"about":[{"href":"https:\/\/jirioberfalzer.cz\/index.php?rest_route=\/wp\/v2\/types\/post"}],"author":[{"embeddable":true,"href":"https:\/\/jirioberfalzer.cz\/index.php?rest_route=\/wp\/v2\/users\/2"}],"replies":[{"embeddable":true,"href":"https:\/\/jirioberfalzer.cz\/index.php?rest_route=%2Fwp%2Fv2%2Fcomments&post=2632"}],"version-history":[{"count":1,"href":"https:\/\/jirioberfalzer.cz\/index.php?rest_route=\/wp\/v2\/posts\/2632\/revisions"}],"predecessor-version":[{"id":2634,"href":"https:\/\/jirioberfalzer.cz\/index.php?rest_route=\/wp\/v2\/posts\/2632\/revisions\/2634"}],"wp:featuredmedia":[{"embeddable":true,"href":"https:\/\/jirioberfalzer.cz\/index.php?rest_route=\/wp\/v2\/media\/2633"}],"wp:attachment":[{"href":"https:\/\/jirioberfalzer.cz\/index.php?rest_route=%2Fwp%2Fv2%2Fmedia&parent=2632"}],"wp:term":[{"taxonomy":"category","embeddable":true,"href":"https:\/\/jirioberfalzer.cz\/index.php?rest_route=%2Fwp%2Fv2%2Fcategories&post=2632"},{"taxonomy":"post_tag","embeddable":true,"href":"https:\/\/jirioberfalzer.cz\/index.php?rest_route=%2Fwp%2Fv2%2Ftags&post=2632"}],"curies":[{"name":"wp","href":"https:\/\/api.w.org\/{rel}","templated":true}]}}