{"id":2622,"date":"2021-03-02T17:38:45","date_gmt":"2021-03-02T16:38:45","guid":{"rendered":"http:\/\/jirioberfalzer.cz\/?p=2622"},"modified":"2021-03-02T17:39:03","modified_gmt":"2021-03-02T16:39:03","slug":"j-oberfalzer-pripomnel-73-vyroci-od-pochodu-studentu-za-svobodu-a-demokracii-na-prazsky-hrad-v-roce-1948","status":"publish","type":"post","link":"https:\/\/jirioberfalzer.cz\/?p=2622","title":{"rendered":"J. Oberfalzer p\u0159ipomn\u011bl 73. v\u00fdro\u010d\u00ed pochodu student\u016f za svobodu a demokracii na Pra\u017esk\u00fd hrad v roce 1948"},"content":{"rendered":"<div dir=\"auto\"><a href=\"https:\/\/jirioberfalzer.cz\/wp-content\/uploads\/2021\/03\/nerud_compressed.jpg\"><img loading=\"lazy\" decoding=\"async\" class=\"aligncenter size-medium wp-image-2623\" src=\"https:\/\/jirioberfalzer.cz\/wp-content\/uploads\/2021\/03\/nerud_compressed-300x206.jpg\" alt=\"\" width=\"300\" height=\"206\" srcset=\"https:\/\/jirioberfalzer.cz\/wp-content\/uploads\/2021\/03\/nerud_compressed-300x206.jpg 300w, https:\/\/jirioberfalzer.cz\/wp-content\/uploads\/2021\/03\/nerud_compressed-768x528.jpg 768w, https:\/\/jirioberfalzer.cz\/wp-content\/uploads\/2021\/03\/nerud_compressed.jpg 1000w\" sizes=\"auto, (max-width: 300px) 100vw, 300px\" \/><\/a>25. \u00fanora m\u00edstop\u0159edseda Sen\u00e1tu Ji\u0159\u00ed Oberfalzer s kolegyn\u00ed Miroslavou N\u011bmcovou uctili pam\u00e1tku \u00fa\u010dastn\u00edk\u016f studentsk\u00e9ho pochodu na Hrad. \u201eV\u017edy je m\u00e9n\u011b t\u011bch, kte\u0159\u00ed si p\u0159ipou\u0161t\u011bj\u00ed vlastn\u00ed odpov\u011bdnost za budoucnost n\u00e1roda. Vy\u017eaduje to \u010dasto velkou odvahu a zna\u010dnou m\u00edru osobn\u00edho nepohodl\u00ed,\u201c \u0159\u00edk\u00e1 m\u00edstop\u0159edseda Sen\u00e1tu Ji\u0159\u00ed Oberfalzer p\u0159i p\u0159\u00edle\u017eitosti 73. v\u00fdro\u010d\u00ed od pochodu student\u016f za svobodu a demokracii na Pra\u017esk\u00fd hrad v roce 1948. Byl to na t\u00e9m\u011b\u0159 20 let posledn\u00ed spont\u00e1nn\u00ed projev touhy po demokracii. Pr\u016fvod byl zastaven v Nerudov\u011b ulici, kdy\u017e se z\u00e1stupci student\u016f probojovali k prezidentovu tajemn\u00edkovi, Klement Gottwald u\u017e na V\u00e1clavsk\u00e9m n\u00e1m\u011bst\u00ed skl\u00edzel ovace milicion\u00e1\u0159\u016f za to, \u017ee pan prezident v\u0161echny jeho n\u00e1vrhy p\u0159ijal. &#8222;Pak spadla klec a a\u017e do Pra\u017esk\u00e9ho jara opanovala zemi komunistick\u00e1 Totalita,&#8220; \u0159\u00edk\u00e1 k tomu J. Oberfalzer. Jednalo se o jedin\u00fd rozs\u00e1hlej\u0161\u00ed ve\u0159ejn\u00fd protest proti nastupuj\u00edc\u00edmu komunistick\u00e9mu re\u017eimu. \u201eStudenti tehdy prok\u00e1zali spr\u00e1vn\u00fd odhad, jak\u00fd osud pro \u010deskoslovenskou demokracii chystaj\u00ed komunist\u00e9. \u010cechoslov\u00e1k\u016fm trvalo 42 let, ne\u017e se t\u00e9to zv\u016fle zbavili,\u201c dod\u00e1v\u00e1.<\/div>\n","protected":false},"excerpt":{"rendered":"<p>M\u00edstop\u0159edseda Sen\u00e1tu Ji\u0159\u00ed Oberfalzer uctil pam\u00e1tku student\u016f p\u0159i p\u0159\u00edle\u017eitosti 73. v\u00fdro\u010d\u00ed od jejich pochodu za svobodu a demokracii na Pra\u017esk\u00fd hrad v roce 1948.<\/p>\n","protected":false},"author":2,"featured_media":2623,"comment_status":"open","ping_status":"open","sticky":false,"template":"","format":"standard","meta":{"footnotes":""},"categories":[3],"tags":[],"class_list":["post-2622","post","type-post","status-publish","format-standard","has-post-thumbnail","hentry","category-udalosti-a-komentare"],"_links":{"self":[{"href":"https:\/\/jirioberfalzer.cz\/index.php?rest_route=\/wp\/v2\/posts\/2622","targetHints":{"allow":["GET"]}}],"collection":[{"href":"https:\/\/jirioberfalzer.cz\/index.php?rest_route=\/wp\/v2\/posts"}],"about":[{"href":"https:\/\/jirioberfalzer.cz\/index.php?rest_route=\/wp\/v2\/types\/post"}],"author":[{"embeddable":true,"href":"https:\/\/jirioberfalzer.cz\/index.php?rest_route=\/wp\/v2\/users\/2"}],"replies":[{"embeddable":true,"href":"https:\/\/jirioberfalzer.cz\/index.php?rest_route=%2Fwp%2Fv2%2Fcomments&post=2622"}],"version-history":[{"count":2,"href":"https:\/\/jirioberfalzer.cz\/index.php?rest_route=\/wp\/v2\/posts\/2622\/revisions"}],"predecessor-version":[{"id":2625,"href":"https:\/\/jirioberfalzer.cz\/index.php?rest_route=\/wp\/v2\/posts\/2622\/revisions\/2625"}],"wp:featuredmedia":[{"embeddable":true,"href":"https:\/\/jirioberfalzer.cz\/index.php?rest_route=\/wp\/v2\/media\/2623"}],"wp:attachment":[{"href":"https:\/\/jirioberfalzer.cz\/index.php?rest_route=%2Fwp%2Fv2%2Fmedia&parent=2622"}],"wp:term":[{"taxonomy":"category","embeddable":true,"href":"https:\/\/jirioberfalzer.cz\/index.php?rest_route=%2Fwp%2Fv2%2Fcategories&post=2622"},{"taxonomy":"post_tag","embeddable":true,"href":"https:\/\/jirioberfalzer.cz\/index.php?rest_route=%2Fwp%2Fv2%2Ftags&post=2622"}],"curies":[{"name":"wp","href":"https:\/\/api.w.org\/{rel}","templated":true}]}}