{"id":2616,"date":"2021-03-07T13:41:35","date_gmt":"2021-03-07T12:41:35","guid":{"rendered":"http:\/\/jirioberfalzer.cz\/?p=2616"},"modified":"2021-03-08T08:45:06","modified_gmt":"2021-03-08T07:45:06","slug":"online-koncert-pro-seniory-jako-darek-senatora-oberfalzera","status":"publish","type":"post","link":"https:\/\/jirioberfalzer.cz\/?p=2616","title":{"rendered":"Online koncerty pro seniory jako d\u00e1rek sen\u00e1tora Oberfalzera"},"content":{"rendered":"<p><a href=\"https:\/\/jirioberfalzer.cz\/wp-content\/uploads\/2021\/02\/koncert_compressed.jpg\"><img loading=\"lazy\" decoding=\"async\" class=\"aligncenter size-medium wp-image-2627\" src=\"https:\/\/jirioberfalzer.cz\/wp-content\/uploads\/2021\/02\/koncert_compressed-300x225.jpg\" alt=\"\" width=\"300\" height=\"225\" srcset=\"https:\/\/jirioberfalzer.cz\/wp-content\/uploads\/2021\/02\/koncert_compressed-300x225.jpg 300w, https:\/\/jirioberfalzer.cz\/wp-content\/uploads\/2021\/02\/koncert_compressed-768x576.jpg 768w, https:\/\/jirioberfalzer.cz\/wp-content\/uploads\/2021\/02\/koncert_compressed.jpg 1000w\" sizes=\"auto, (max-width: 300px) 100vw, 300px\" \/><\/a><\/p>\n<p>\u201eMoment\u00e1ln\u011b \u017eijeme v dob\u011b, kter\u00e1 je pro n\u00e1s v\u0161echny t\u011b\u017ek\u00e1, pro ka\u017ed\u00e9ho jin\u00fdm zp\u016fsobem. Co n\u00e1m v\u0161em p\u0159edev\u0161\u00edm chyb\u00ed, jsou osobn\u00ed kontakty, setk\u00e1v\u00e1n\u00ed s bl\u00edzk\u00fdmi a mo\u017enost spole\u010densk\u00e9ho \u017eivota, jak jsme na n\u011bj byli zvykl\u00ed. M\u00e1m na mysli zejm\u00e9na star\u0161\u00ed ob\u010dany, kte\u0159\u00ed z\u016fst\u00e1vaj\u00ed v domovech senior\u016f osamocen\u00ed, bez mo\u017enosti n\u00e1v\u0161t\u011bv a kulturn\u00edho rozpt\u00fdlen\u00ed,\u201c \u0159\u00edk\u00e1 m\u00edstop\u0159edseda Sen\u00e1tu Ji\u0159\u00ed Oberfalzer k dne\u0161n\u00ed situaci poznamenan\u00e9 epidemi\u00ed nemoci covid-19.<\/p>\n<p>\u201eKdy\u017e jsem p\u0159em\u00fd\u0161lel, jak bych mohl p\u0159in\u00e9st aspo\u0148 trochu pot\u011b\u0161en\u00ed do leckdy pochmurn\u00fdch dn\u016f, inspirovalo m\u011b, jak v dne\u0161n\u00ed dob\u011b dob\u0159e vyu\u017e\u00edvaj\u00ed technologi\u00ed a soci\u00e1ln\u00edch s\u00edt\u00ed r\u016fzn\u00e1 divadla a hudebn\u00ed t\u011blesa a zprost\u0159edkov\u00e1vaj\u00ed sv\u00e1 p\u0159edstaven\u00ed online. Napadlo m\u011b, \u017ee kdy\u017e nemohu p\u0159iv\u00e9zt kapelu do domov\u016f senior\u016f osobn\u011b, jak jsem to d\u011bl\u00e1val, uspo\u0159\u00e1d\u00e1m koncerty pro v\u0161echny na d\u00e1lku,\u201c prozradil svou inspiraci a pozval nejen seniory, ale v\u0161echny z\u00e1jemce o p\u011bkn\u00e9 p\u00edsni\u010dky k\u00a0spole\u010dn\u00e9mu notov\u00e1n\u00ed.<\/p>\n<p>Prvn\u00ed koncert se vys\u00edlal v\u00a0\u00fanoru a setkal se s\u00a0v\u0159el\u00fdm ohlasem. \u201eM\u00e1m radost, \u017ee se koncert hudebn\u00ed skupiny T\u0159ehusk setkal s velk\u00fdm \u00fasp\u011bchem. V\u011bnoval jsem ho p\u0159edev\u0161\u00edm senior\u016fm v domovech d\u016fchodc\u016f, ale sledovali ho podle odezvy i dal\u0161\u00ed z\u00e1jemci, a to a\u017e z dalek\u00e9ho S\u00e3o Paula v Braz\u00edlii nebo z bli\u017e\u0161\u00edho B\u00e1denska-W\u00fcrttemberska, kter\u00fdm nen\u00ed kapela T\u0159ehusk nezn\u00e1m\u00e1. Spole\u010dn\u00fdm sledov\u00e1n\u00edm koncertu se obyvatel\u00e9 v domovech senior\u016f trochu rozpt\u00fdlili a nechyb\u011bly ani p\u00edsni\u010dky na p\u0159\u00e1n\u00ed,\u201c sd\u011blil s pot\u011b\u0161en\u00edm sen\u00e1tor Oberfalzer a hned po\u010d\u00e1tkem b\u0159ezna uspo\u0159\u00e1dal dal\u0161\u00ed koncert. Spole\u010dn\u011b ho op\u011bt sledovali obyvatel\u00e9 v 10 domovech pro seniory v\u00a0regionu Berounska a Prahy-z\u00e1pad, ale i \u0159ada t\u011bch, kte\u0159\u00ed se online p\u0159ipojili z bl\u00edzk\u00e9ho okol\u00ed i ze zahrani\u010d\u00ed.<\/p>\n<p>O prvn\u00ed koncert se postarala v\u00a0regionu ji\u017e zn\u00e1m\u00e1 poberounsk\u00e1 kapela T\u0159ehusk a hlavn\u00ed hv\u011bzdou druh\u00e9ho koncertu byl legend\u00e1rn\u00ed Pep\u00ed\u010dek Z\u00edma, z\u00a0kter\u00e9ho i p\u0159es jeho v\u011bk st\u00e1le s\u00e1l\u00e1 energie, dobr\u00e1 n\u00e1lada a pov\u011bstn\u00e1 srde\u010dnost. Kapela T\u0159ehusk vyhov\u011bla i t\u011bm, kdo si napsali o p\u00edsni\u010dky na p\u0159\u00e1n\u00ed pro sebe nebo pro sv\u00e9 bl\u00edzk\u00e9.<\/p>\n<p>Dal\u0161\u00ed koncert pl\u00e1nuje J. Oberfalzer na 31. b\u0159ezna.<\/p>\n","protected":false},"excerpt":{"rendered":"<p>Online koncerty hudebn\u00ed skupiny T\u0159ehusk z Berounska a dal\u0161\u00edch interpret\u016f, jako je legend\u00e1rn\u00ed Josef Z\u00edma, jako d\u00e1rek od sen\u00e1tora Oberfalzera (nejen) senior\u016fm v domovech.<\/p>\n","protected":false},"author":2,"featured_media":2627,"comment_status":"open","ping_status":"open","sticky":false,"template":"","format":"standard","meta":{"footnotes":""},"categories":[2],"tags":[],"class_list":["post-2616","post","type-post","status-publish","format-standard","has-post-thumbnail","hentry","category-z-regionu"],"_links":{"self":[{"href":"https:\/\/jirioberfalzer.cz\/index.php?rest_route=\/wp\/v2\/posts\/2616","targetHints":{"allow":["GET"]}}],"collection":[{"href":"https:\/\/jirioberfalzer.cz\/index.php?rest_route=\/wp\/v2\/posts"}],"about":[{"href":"https:\/\/jirioberfalzer.cz\/index.php?rest_route=\/wp\/v2\/types\/post"}],"author":[{"embeddable":true,"href":"https:\/\/jirioberfalzer.cz\/index.php?rest_route=\/wp\/v2\/users\/2"}],"replies":[{"embeddable":true,"href":"https:\/\/jirioberfalzer.cz\/index.php?rest_route=%2Fwp%2Fv2%2Fcomments&post=2616"}],"version-history":[{"count":3,"href":"https:\/\/jirioberfalzer.cz\/index.php?rest_route=\/wp\/v2\/posts\/2616\/revisions"}],"predecessor-version":[{"id":2628,"href":"https:\/\/jirioberfalzer.cz\/index.php?rest_route=\/wp\/v2\/posts\/2616\/revisions\/2628"}],"wp:featuredmedia":[{"embeddable":true,"href":"https:\/\/jirioberfalzer.cz\/index.php?rest_route=\/wp\/v2\/media\/2627"}],"wp:attachment":[{"href":"https:\/\/jirioberfalzer.cz\/index.php?rest_route=%2Fwp%2Fv2%2Fmedia&parent=2616"}],"wp:term":[{"taxonomy":"category","embeddable":true,"href":"https:\/\/jirioberfalzer.cz\/index.php?rest_route=%2Fwp%2Fv2%2Fcategories&post=2616"},{"taxonomy":"post_tag","embeddable":true,"href":"https:\/\/jirioberfalzer.cz\/index.php?rest_route=%2Fwp%2Fv2%2Ftags&post=2616"}],"curies":[{"name":"wp","href":"https:\/\/api.w.org\/{rel}","templated":true}]}}