{"id":2586,"date":"2020-11-18T07:55:36","date_gmt":"2020-11-18T06:55:36","guid":{"rendered":"http:\/\/jirioberfalzer.cz\/?p=2586"},"modified":"2020-11-18T07:55:36","modified_gmt":"2020-11-18T06:55:36","slug":"ucteni-dne-boje-za-svobodu-a-demokracii","status":"publish","type":"post","link":"https:\/\/jirioberfalzer.cz\/?p=2586","title":{"rendered":"Uct\u011bn\u00ed Dne boje za svobodu a demokracii"},"content":{"rendered":"<p><a href=\"https:\/\/jirioberfalzer.cz\/wp-content\/uploads\/2020\/11\/hlav_compressed.jpg\"><img loading=\"lazy\" decoding=\"async\" class=\"aligncenter size-medium wp-image-2587\" src=\"https:\/\/jirioberfalzer.cz\/wp-content\/uploads\/2020\/11\/hlav_compressed-300x225.jpg\" alt=\"\" width=\"300\" height=\"225\" srcset=\"https:\/\/jirioberfalzer.cz\/wp-content\/uploads\/2020\/11\/hlav_compressed-300x225.jpg 300w, https:\/\/jirioberfalzer.cz\/wp-content\/uploads\/2020\/11\/hlav_compressed-768x575.jpg 768w, https:\/\/jirioberfalzer.cz\/wp-content\/uploads\/2020\/11\/hlav_compressed.jpg 900w\" sizes=\"auto, (max-width: 300px) 100vw, 300px\" \/><\/a>Dnes jsem uctil pam\u00e1tku 17. listopadu hned na t\u0159ech m\u00edstech. Nejprve v j\u00edzd\u00e1rn\u011b ruzy\u0148sk\u00fdch kas\u00e1ren. Ta se do na\u0161ich d\u011bjin poprv\u00e9 neblaze zapsala 17. listopadu 1939, kdy zde str\u00e1vilo sv\u00e9 posledn\u00ed okam\u017eiky p\u0159ed popravou dev\u011bt studentsk\u00fdch funkcion\u00e1\u0159\u016f.\u00a0 A pr\u00e1v\u011b zde pak doch\u00e1zelo b\u011bhem 1. stann\u00e9ho pr\u00e1va po p\u0159\u00edchodu Reinharda Heydricha do Protektor\u00e1tu \u010cechy a Morava v z\u00e1\u0159\u00ed 1941 k poprav\u00e1m vedouc\u00edch p\u0159edstavitel\u016f dom\u00e1c\u00edho odboje. V prostoru j\u00edzd\u00e1rny bylo popraveno zast\u0159elen\u00edm \u010di ob\u011b\u0161en\u00edm 247 osob. Byli mezi nimi i vedouc\u00ed p\u0159edstavitel\u00e9 nejv\u00fdznamn\u011bj\u0161\u00ed odbojov\u00e9 organizace Obrana n\u00e1roda. K prvn\u00edm popraven\u00fdm pat\u0159ili prvn\u00ed gener\u00e1lov\u00e9 \u010deskoslovensk\u00e9 arm\u00e1dy &#8211; Josef B\u00edl\u00fd a Hugo Vojta. Jejich jm\u00e9na zanedlouho doplnili gener\u00e1lov\u00e9 Franti\u0161ek Hor\u00e1\u010dek, Mikul\u00e1\u0161 Dole\u017eal, Oleg Sv\u00e1tek \u010di V\u00e1clav \u0160\u00e1ra. Mezi popraven\u00fdmi vysok\u00fdmi d\u016fstojn\u00edky byl rovn\u011b\u017e podplukovn\u00edk Ladislav Preininger \u010di jeden z proslul\u00e9 trojice T\u0159\u00ed kr\u00e1l\u016f \u010desk\u00e9ho odboje plukovn\u00edk Josef Balab\u00e1n. Mezi prvn\u00edmi byl v j\u00edzd\u00e1rn\u011b popraven i n\u00e1\u010deln\u00edk \u010cesk\u00e9 obce sokolsk\u00e9 Augustin Pechl\u00e1t. Po polo\u017een\u00ed kytice jsem si prohl\u00e9dl expozici Vojensk\u00e9ho historick\u00e9ho \u00fastavu. Pak jsem polo\u017eil kv\u011btiny u pam\u00e1tn\u00ed desky p\u0159ed Hl\u00e1vkovou kolej\u00ed a uctil tak pam\u00e1tku zavra\u017ed\u011bn\u00e9ho studenta Jana Opletala v listopadu 1939. Na z\u00e1v\u011br jsem zap\u00e1lil sv\u00ed\u010dku a polo\u017eil kv\u011btinu na N\u00e1rodn\u00ed t\u0159\u00edd\u011b.<\/p>\n","protected":false},"excerpt":{"rendered":"<p>Dnes jsem uctil pam\u00e1tku 17. listopadu hned na t\u0159ech m\u00edstech. Nejprve v j\u00edzd\u00e1rn\u011b ruzy\u0148sk\u00fdch kas\u00e1ren. Ta se do na\u0161ich d\u011bjin poprv\u00e9 neblaze zapsala 17. listopadu 1939, kdy zde str\u00e1vilo sv\u00e9 posledn\u00ed okam\u017eiky p\u0159ed popravou&#46;&#46;&#46;<\/p>\n","protected":false},"author":2,"featured_media":2587,"comment_status":"open","ping_status":"open","sticky":false,"template":"","format":"standard","meta":{"footnotes":""},"categories":[3],"tags":[],"class_list":["post-2586","post","type-post","status-publish","format-standard","has-post-thumbnail","hentry","category-udalosti-a-komentare"],"_links":{"self":[{"href":"https:\/\/jirioberfalzer.cz\/index.php?rest_route=\/wp\/v2\/posts\/2586","targetHints":{"allow":["GET"]}}],"collection":[{"href":"https:\/\/jirioberfalzer.cz\/index.php?rest_route=\/wp\/v2\/posts"}],"about":[{"href":"https:\/\/jirioberfalzer.cz\/index.php?rest_route=\/wp\/v2\/types\/post"}],"author":[{"embeddable":true,"href":"https:\/\/jirioberfalzer.cz\/index.php?rest_route=\/wp\/v2\/users\/2"}],"replies":[{"embeddable":true,"href":"https:\/\/jirioberfalzer.cz\/index.php?rest_route=%2Fwp%2Fv2%2Fcomments&post=2586"}],"version-history":[{"count":1,"href":"https:\/\/jirioberfalzer.cz\/index.php?rest_route=\/wp\/v2\/posts\/2586\/revisions"}],"predecessor-version":[{"id":2588,"href":"https:\/\/jirioberfalzer.cz\/index.php?rest_route=\/wp\/v2\/posts\/2586\/revisions\/2588"}],"wp:featuredmedia":[{"embeddable":true,"href":"https:\/\/jirioberfalzer.cz\/index.php?rest_route=\/wp\/v2\/media\/2587"}],"wp:attachment":[{"href":"https:\/\/jirioberfalzer.cz\/index.php?rest_route=%2Fwp%2Fv2%2Fmedia&parent=2586"}],"wp:term":[{"taxonomy":"category","embeddable":true,"href":"https:\/\/jirioberfalzer.cz\/index.php?rest_route=%2Fwp%2Fv2%2Fcategories&post=2586"},{"taxonomy":"post_tag","embeddable":true,"href":"https:\/\/jirioberfalzer.cz\/index.php?rest_route=%2Fwp%2Fv2%2Ftags&post=2586"}],"curies":[{"name":"wp","href":"https:\/\/api.w.org\/{rel}","templated":true}]}}