{"id":2580,"date":"2020-11-16T16:00:25","date_gmt":"2020-11-16T15:00:25","guid":{"rendered":"http:\/\/jirioberfalzer.cz\/?p=2580"},"modified":"2020-11-18T15:03:28","modified_gmt":"2020-11-18T14:03:28","slug":"jiri-oberfalzer-opetovne-zvolen-mistopredsedou-senatu","status":"publish","type":"post","link":"https:\/\/jirioberfalzer.cz\/?p=2580","title":{"rendered":"Ji\u0159\u00ed Oberfalzer op\u011btovn\u011b zvolen m\u00edstop\u0159edsedou Sen\u00e1tu"},"content":{"rendered":"<p><a href=\"https:\/\/jirioberfalzer.cz\/wp-content\/uploads\/2020\/11\/ustavuji_compressed.jpg\"><img loading=\"lazy\" decoding=\"async\" class=\"aligncenter size-medium wp-image-2594\" src=\"https:\/\/jirioberfalzer.cz\/wp-content\/uploads\/2020\/11\/ustavuji_compressed-300x211.jpg\" alt=\"\" width=\"300\" height=\"211\" srcset=\"https:\/\/jirioberfalzer.cz\/wp-content\/uploads\/2020\/11\/ustavuji_compressed-300x211.jpg 300w, https:\/\/jirioberfalzer.cz\/wp-content\/uploads\/2020\/11\/ustavuji_compressed-768x539.jpg 768w, https:\/\/jirioberfalzer.cz\/wp-content\/uploads\/2020\/11\/ustavuji_compressed.jpg 900w\" sizes=\"auto, (max-width: 300px) 100vw, 300px\" \/><\/a>Na ustavuj\u00edc\u00ed sch\u016fzi Sen\u00e1tu pro 13. volebn\u00ed obdob\u00ed byl jedn\u00edm z m\u00edstop\u0159edsed\u016f op\u011btovn\u011b zvolen sen\u00e1tor Ji\u0159\u00ed Oberfalzer (za sen\u00e1torsk\u00fd klub ODS a TOP 09). Po\u010det m\u00edstop\u0159edsed\u016f se sn\u00ed\u017eil z p\u011bti na \u010dty\u0159i. M\u00edstop\u0159edseda Oberfalzer je \u010dlenem Organiza\u010dn\u00edho v\u00fdboru, Podv\u00fdboru pro st\u00e1tn\u00ed vyznamen\u00e1n\u00ed a m\u00edstop\u0159edsedou St\u00e1l\u00e9 komise Sen\u00e1tu pro krajany \u017eij\u00edc\u00ed v zahrani\u010d\u00ed. V r\u00e1mci Sen\u00e1torsk\u00e9ho klubu je \u010dlenem p\u0159edsednictva.<\/p>\n","protected":false},"excerpt":{"rendered":"<p>Na ustavuj\u00edc\u00ed sch\u016fzi Sen\u00e1tu pro 13. volebn\u00ed obdob\u00ed byl jedn\u00edm z m\u00edstop\u0159edsed\u016f op\u011btovn\u011b zvolen sen\u00e1tor Ji\u0159\u00ed Oberfalzer (za sen\u00e1torsk\u00fd klub ODS a TOP 09). Po\u010det m\u00edstop\u0159edsed\u016f se sn\u00ed\u017eil z p\u011bti na \u010dty\u0159i. M\u00edstop\u0159edseda Oberfalzer&#46;&#46;&#46;<\/p>\n","protected":false},"author":2,"featured_media":2594,"comment_status":"open","ping_status":"open","sticky":false,"template":"","format":"standard","meta":{"footnotes":""},"categories":[16],"tags":[],"class_list":["post-2580","post","type-post","status-publish","format-standard","has-post-thumbnail","hentry","category-ze-senatu"],"_links":{"self":[{"href":"https:\/\/jirioberfalzer.cz\/index.php?rest_route=\/wp\/v2\/posts\/2580","targetHints":{"allow":["GET"]}}],"collection":[{"href":"https:\/\/jirioberfalzer.cz\/index.php?rest_route=\/wp\/v2\/posts"}],"about":[{"href":"https:\/\/jirioberfalzer.cz\/index.php?rest_route=\/wp\/v2\/types\/post"}],"author":[{"embeddable":true,"href":"https:\/\/jirioberfalzer.cz\/index.php?rest_route=\/wp\/v2\/users\/2"}],"replies":[{"embeddable":true,"href":"https:\/\/jirioberfalzer.cz\/index.php?rest_route=%2Fwp%2Fv2%2Fcomments&post=2580"}],"version-history":[{"count":7,"href":"https:\/\/jirioberfalzer.cz\/index.php?rest_route=\/wp\/v2\/posts\/2580\/revisions"}],"predecessor-version":[{"id":2596,"href":"https:\/\/jirioberfalzer.cz\/index.php?rest_route=\/wp\/v2\/posts\/2580\/revisions\/2596"}],"wp:featuredmedia":[{"embeddable":true,"href":"https:\/\/jirioberfalzer.cz\/index.php?rest_route=\/wp\/v2\/media\/2594"}],"wp:attachment":[{"href":"https:\/\/jirioberfalzer.cz\/index.php?rest_route=%2Fwp%2Fv2%2Fmedia&parent=2580"}],"wp:term":[{"taxonomy":"category","embeddable":true,"href":"https:\/\/jirioberfalzer.cz\/index.php?rest_route=%2Fwp%2Fv2%2Fcategories&post=2580"},{"taxonomy":"post_tag","embeddable":true,"href":"https:\/\/jirioberfalzer.cz\/index.php?rest_route=%2Fwp%2Fv2%2Ftags&post=2580"}],"curies":[{"name":"wp","href":"https:\/\/api.w.org\/{rel}","templated":true}]}}