{"id":2570,"date":"2020-09-29T13:52:07","date_gmt":"2020-09-29T12:52:07","guid":{"rendered":"http:\/\/jirioberfalzer.cz\/?p=2570"},"modified":"2020-09-29T13:52:07","modified_gmt":"2020-09-29T12:52:07","slug":"tradicni-svatoludmilska-pout","status":"publish","type":"post","link":"https:\/\/jirioberfalzer.cz\/?p=2570","title":{"rendered":"Tradi\u010dn\u00ed Svatoludmilsk\u00e1 pou\u0165"},"content":{"rendered":"<p><a href=\"https:\/\/jirioberfalzer.cz\/wp-content\/uploads\/2020\/09\/Bez-n\u00e1zvu_compressed-1.jpg\"><img loading=\"lazy\" decoding=\"async\" class=\"aligncenter size-medium wp-image-2571\" src=\"https:\/\/jirioberfalzer.cz\/wp-content\/uploads\/2020\/09\/Bez-n\u00e1zvu_compressed-1-300x201.jpg\" alt=\"\" width=\"300\" height=\"201\" srcset=\"https:\/\/jirioberfalzer.cz\/wp-content\/uploads\/2020\/09\/Bez-n\u00e1zvu_compressed-1-300x201.jpg 300w, https:\/\/jirioberfalzer.cz\/wp-content\/uploads\/2020\/09\/Bez-n\u00e1zvu_compressed-1-768x514.jpg 768w, https:\/\/jirioberfalzer.cz\/wp-content\/uploads\/2020\/09\/Bez-n\u00e1zvu_compressed-1.jpg 996w\" sizes=\"auto, (max-width: 300px) 100vw, 300px\" \/><\/a>\u00damrt\u00ed v\u00fdznamn\u00e9 osobnosti \u010desk\u00fdch i k\u0159es\u0165ansk\u00fdch d\u011bjin svat\u00e9 Ludmily si ka\u017ed\u00fd rok p\u0159ipom\u00ednaj\u00ed na Tet\u00edn\u011b. Jde o symbolick\u00e9 m\u00edsto, proto\u017ee pr\u00e1v\u011b na zdej\u0161\u00edm hradi\u0161ti byla v roce 921 zavra\u017ed\u011bna. Na jej\u00ed po\u010dest se i letos p\u0159i Svatoludmilsk\u00e9 pouti konala poutn\u00ed m\u0161e svat\u00e1, po kter\u00e9 n\u00e1sledoval dal\u0161\u00ed, bohat\u00fd program.<br \/>\nKrom\u011b setk\u00e1n\u00ed v\u011b\u0159\u00edc\u00edch a uspo\u0159\u00e1d\u00e1n\u00ed doprovodn\u00fdch akc\u00ed je hlavn\u00edm d\u016fvodem p\u0159ipomenut\u00ed odkazu Svat\u00e9 Ludmily. Za t\u00edmto \u00fa\u010delem p\u0159ed p\u011bti lety vznikl unik\u00e1tn\u00ed projekt Svat\u00e1 Ludmila 1100 let, kter\u00fd si klade za c\u00edl tuto mimo\u0159\u00e1dnou osobnost ve\u0159ejnosti p\u0159ipomenout. Jedn\u00edm z tradi\u010dn\u00edch host\u016f pouti byl i m\u00edstop\u0159edseda Sen\u00e1tu Ji\u0159\u00ed Oberfalzer, kter\u00fd se pod\u00edl\u00ed na projektu d\u016fstojn\u00fdch oslav 1100. jubilea na p\u016fd\u011b Sen\u00e1tu, kde 1. \u0159\u00edjna prob\u011bhne slavnostn\u00ed vyhl\u00e1\u0161en\u00ed Roku sv. Ludmily.<\/p>\n","protected":false},"excerpt":{"rendered":"<p>\u00damrt\u00ed v\u00fdznamn\u00e9 osobnosti \u010desk\u00fdch i k\u0159es\u0165ansk\u00fdch d\u011bjin svat\u00e9 Ludmily si ka\u017ed\u00fd rok p\u0159ipom\u00ednaj\u00ed na Tet\u00edn\u011b. Jde o symbolick\u00e9 m\u00edsto, proto\u017ee pr\u00e1v\u011b na zdej\u0161\u00edm hradi\u0161ti byla v roce 921 zavra\u017ed\u011bna. Na jej\u00ed po\u010dest se i&#46;&#46;&#46;<\/p>\n","protected":false},"author":2,"featured_media":2571,"comment_status":"open","ping_status":"open","sticky":false,"template":"","format":"standard","meta":{"footnotes":""},"categories":[2],"tags":[],"class_list":["post-2570","post","type-post","status-publish","format-standard","has-post-thumbnail","hentry","category-z-regionu"],"_links":{"self":[{"href":"https:\/\/jirioberfalzer.cz\/index.php?rest_route=\/wp\/v2\/posts\/2570","targetHints":{"allow":["GET"]}}],"collection":[{"href":"https:\/\/jirioberfalzer.cz\/index.php?rest_route=\/wp\/v2\/posts"}],"about":[{"href":"https:\/\/jirioberfalzer.cz\/index.php?rest_route=\/wp\/v2\/types\/post"}],"author":[{"embeddable":true,"href":"https:\/\/jirioberfalzer.cz\/index.php?rest_route=\/wp\/v2\/users\/2"}],"replies":[{"embeddable":true,"href":"https:\/\/jirioberfalzer.cz\/index.php?rest_route=%2Fwp%2Fv2%2Fcomments&post=2570"}],"version-history":[{"count":1,"href":"https:\/\/jirioberfalzer.cz\/index.php?rest_route=\/wp\/v2\/posts\/2570\/revisions"}],"predecessor-version":[{"id":2572,"href":"https:\/\/jirioberfalzer.cz\/index.php?rest_route=\/wp\/v2\/posts\/2570\/revisions\/2572"}],"wp:featuredmedia":[{"embeddable":true,"href":"https:\/\/jirioberfalzer.cz\/index.php?rest_route=\/wp\/v2\/media\/2571"}],"wp:attachment":[{"href":"https:\/\/jirioberfalzer.cz\/index.php?rest_route=%2Fwp%2Fv2%2Fmedia&parent=2570"}],"wp:term":[{"taxonomy":"category","embeddable":true,"href":"https:\/\/jirioberfalzer.cz\/index.php?rest_route=%2Fwp%2Fv2%2Fcategories&post=2570"},{"taxonomy":"post_tag","embeddable":true,"href":"https:\/\/jirioberfalzer.cz\/index.php?rest_route=%2Fwp%2Fv2%2Ftags&post=2570"}],"curies":[{"name":"wp","href":"https:\/\/api.w.org\/{rel}","templated":true}]}}