{"id":2548,"date":"2020-06-27T18:34:43","date_gmt":"2020-06-27T17:34:43","guid":{"rendered":"http:\/\/jirioberfalzer.cz\/?p=2548"},"modified":"2020-06-27T18:39:29","modified_gmt":"2020-06-27T17:39:29","slug":"70-let-od-popravy-milady-horakove","status":"publish","type":"post","link":"https:\/\/jirioberfalzer.cz\/?p=2548","title":{"rendered":"70 let od popravy Milady Hor\u00e1kov\u00e9"},"content":{"rendered":"<p><a href=\"https:\/\/jirioberfalzer.cz\/wp-content\/uploads\/2020\/06\/mil_compressed.jpg\"><img loading=\"lazy\" decoding=\"async\" class=\"aligncenter size-medium wp-image-2551\" src=\"https:\/\/jirioberfalzer.cz\/wp-content\/uploads\/2020\/06\/mil_compressed-300x169.jpg\" alt=\"\" width=\"300\" height=\"169\" srcset=\"https:\/\/jirioberfalzer.cz\/wp-content\/uploads\/2020\/06\/mil_compressed-300x169.jpg 300w, https:\/\/jirioberfalzer.cz\/wp-content\/uploads\/2020\/06\/mil_compressed-768x432.jpg 768w, https:\/\/jirioberfalzer.cz\/wp-content\/uploads\/2020\/06\/mil_compressed.jpg 1000w\" sizes=\"auto, (max-width: 300px) 100vw, 300px\" \/><\/a>Letos je tomu 70 let od popravy doktorky Milady Hor\u00e1kov\u00e9 a t\u0159\u00ed dal\u0161\u00edch mu\u017e\u016f po vykonstruovan\u00e9m procesu. Na zlo\u010diny komunistick\u00e9ho re\u017eimu nesm\u00edme nikdy zapomenout, i proto jsme v \u0158evnic\u00edch a v Dob\u0159ichovic\u00edch uctili pam\u00e1tku zavra\u017ed\u011bn\u00fdch. V \u0158evnic\u00edch t\u00edm sp\u00ed\u0161e, nebo\u0165 spolu s Miladou Hor\u00e1kovou byl odsouzen i m\u00edstn\u00ed ob\u010dan doktor Old\u0159ich Pecl.<\/p>\n<p>Nacisti odsoudili Miladu Hor\u00e1kovou na 8 let, komunisti j\u00ed dali provaz. Zat\u00edmco sv\u011btov\u00e9 osobnosti \u017e\u00e1daly Gottwalda o ud\u011blen\u00ed milosti, kolektivy z\u00e1vod\u016f a \u00fa\u0159ad\u016f cel\u00e9ho \u010ceskoslovenska vyz\u00fdvaly k nejp\u0159\u00edsn\u011bj\u0161\u00edmu trestu.\u00a0Kdy\u017e se mluv\u00ed o zlo\u010dinech komunismu, podot\u00fdkaj\u00ed komunist\u00e9, \u017ee tehdy \u017e\u00e1dn\u00fd komunismus nebyl. To je sm\u011b\u0161n\u00e9 jako v\u0161e, co k\u00a0tehdej\u0161\u00ed dob\u011b \u0159\u00edkaj\u00ed. Pravda: zlo\u010diny nep\u00e1chal komunismus, p\u00e1chali je konkr\u00e9tn\u00ed lid\u00e9, lid\u00e9 ve zlo\u010dineck\u00e9m spol\u010den\u00ed nejt\u011b\u017e\u0161\u00edho kalibru, jak\u00fdm byl tzv. socialistick\u00fd, tehdy je\u0161t\u011b jen lidov\u011b demokratick\u00fd re\u017eim. Ano, nebyl tehdy komunismus, vl\u00e1dla zv\u016fle a teror, junta, kter\u00e1 uchv\u00e1tila moc nad cel\u00fdm n\u00e1rodem pod heslem vl\u00e1dy lidu a pokrokov\u00e9 d\u011blnick\u00e9 t\u0159\u00eddy. Tu mo\u017enost jim daly\u00a0jedny pobl\u00e1zn\u011bn\u00e9 volby v\u00a0roce 1946, kdy spousta poctiv\u00fdch lid\u00ed uv\u011b\u0159ila jejich proklamac\u00edm. Aby se ta junta udr\u017eela u moci, u\u017e \u017e\u00e1dn\u00e9 dal\u0161\u00ed volby neriskovala.<\/p>\n<p>Je t\u0159eba \u0159\u00edci, \u017ee diktatura proletari\u00e1tu nen\u00ed nic jin\u00e9ho ne\u017e genocida na vlastn\u00edm obyvatelstvu. Ve jm\u00e9nu dobra a neju\u0161lechtilej\u0161\u00edch my\u0161lenek se d\u011bj\u00ed ty nejodporn\u011bj\u0161\u00ed v\u011bci.\u00a0Dnes, t\u0159icet let po revoluci p\u0159ich\u00e1z\u00ed na sc\u00e9nu nov\u00e1 generace. Nezat\u00ed\u017een\u00e1 bolestmi p\u0159echodu od socialismu, ale nezat\u00ed\u017een\u00e1 t\u00e9\u017e vlastn\u00ed \u017eivotn\u00ed zku\u0161enost\u00ed s\u00a0komunismem. Ml\u00e1d\u00ed p\u0159irozen\u011b inklinuje k\u00a0levici, tou\u017e\u00ed po ide\u00e1ln\u00edm a soci\u00e1ln\u011b spravedliv\u00e9m sv\u011bt\u011b, ale pozor na takov\u00e9 ide\u00e1ly, kter\u00e9 je t\u0159eba prosazovat krv\u00ed, vra\u017edami, \u00fatlakem, vyvlast\u0148ov\u00e1n\u00edm a decimac\u00ed \u0161irok\u00fdch skupin obyvatel, a\u0165 u\u017e jsou to skupiny n\u00e1bo\u017eensk\u00e9, soci\u00e1ln\u00ed, profesn\u00ed, intelektu\u00e1ln\u00ed, nebo jen n\u00e1zorov\u00e9.<\/p>\n<p>Dejme pozor, abychom z dobr\u00fdch \u00famysl\u016f neopakovali star\u00e9 chyby.\u00a0Milada Hor\u00e1kov\u00e1 zanechala po sob\u011b nal\u00e9hav\u00fd odkaz. Byl to hlas poctivosti, state\u010dnosti a s\u00edly pramen\u00edc\u00ed z v\u00edry v\u00a0demokracii a humanitu.<\/p>\n","protected":false},"excerpt":{"rendered":"<p>V \u0158evnic\u00edch a v Dob\u0159ichovic\u00edch jsme si p\u0159ipomn\u011bli ob\u011bti vykonstruovan\u00e9ho procesu s Miladou Hor\u00e1kovou a odsoudili zlo\u010diny komunismu.<\/p>\n","protected":false},"author":2,"featured_media":2551,"comment_status":"open","ping_status":"open","sticky":false,"template":"","format":"standard","meta":{"footnotes":""},"categories":[2],"tags":[],"class_list":["post-2548","post","type-post","status-publish","format-standard","has-post-thumbnail","hentry","category-z-regionu"],"_links":{"self":[{"href":"https:\/\/jirioberfalzer.cz\/index.php?rest_route=\/wp\/v2\/posts\/2548","targetHints":{"allow":["GET"]}}],"collection":[{"href":"https:\/\/jirioberfalzer.cz\/index.php?rest_route=\/wp\/v2\/posts"}],"about":[{"href":"https:\/\/jirioberfalzer.cz\/index.php?rest_route=\/wp\/v2\/types\/post"}],"author":[{"embeddable":true,"href":"https:\/\/jirioberfalzer.cz\/index.php?rest_route=\/wp\/v2\/users\/2"}],"replies":[{"embeddable":true,"href":"https:\/\/jirioberfalzer.cz\/index.php?rest_route=%2Fwp%2Fv2%2Fcomments&post=2548"}],"version-history":[{"count":3,"href":"https:\/\/jirioberfalzer.cz\/index.php?rest_route=\/wp\/v2\/posts\/2548\/revisions"}],"predecessor-version":[{"id":2553,"href":"https:\/\/jirioberfalzer.cz\/index.php?rest_route=\/wp\/v2\/posts\/2548\/revisions\/2553"}],"wp:featuredmedia":[{"embeddable":true,"href":"https:\/\/jirioberfalzer.cz\/index.php?rest_route=\/wp\/v2\/media\/2551"}],"wp:attachment":[{"href":"https:\/\/jirioberfalzer.cz\/index.php?rest_route=%2Fwp%2Fv2%2Fmedia&parent=2548"}],"wp:term":[{"taxonomy":"category","embeddable":true,"href":"https:\/\/jirioberfalzer.cz\/index.php?rest_route=%2Fwp%2Fv2%2Fcategories&post=2548"},{"taxonomy":"post_tag","embeddable":true,"href":"https:\/\/jirioberfalzer.cz\/index.php?rest_route=%2Fwp%2Fv2%2Ftags&post=2548"}],"curies":[{"name":"wp","href":"https:\/\/api.w.org\/{rel}","templated":true}]}}