{"id":2537,"date":"2020-05-11T12:03:14","date_gmt":"2020-05-11T11:03:14","guid":{"rendered":"http:\/\/jirioberfalzer.cz\/?p=2537"},"modified":"2020-05-11T12:50:42","modified_gmt":"2020-05-11T11:50:42","slug":"obeti-komunismu-uctil-s-mistopredsedou-senatu-jirim-oberfalzerem-velvyslanec-madarska-v-cr-j-e-pan-miklos-boros","status":"publish","type":"post","link":"https:\/\/jirioberfalzer.cz\/?p=2537","title":{"rendered":"Ob\u011bti komunismu uctil s m\u00edstop\u0159edsedou Sen\u00e1tu Ji\u0159\u00edm Oberfalzerem velvyslanec Ma\u010farska v \u010cR J.E. pan Miklos Boros"},"content":{"rendered":"<p><a href=\"https:\/\/jirioberfalzer.cz\/wp-content\/uploads\/2020\/05\/Bez-n\u00e1zvu_compressed.jpg\"><img loading=\"lazy\" decoding=\"async\" class=\"aligncenter size-medium wp-image-2538\" src=\"https:\/\/jirioberfalzer.cz\/wp-content\/uploads\/2020\/05\/Bez-n\u00e1zvu_compressed-300x225.jpg\" alt=\"\" width=\"300\" height=\"225\" srcset=\"https:\/\/jirioberfalzer.cz\/wp-content\/uploads\/2020\/05\/Bez-n\u00e1zvu_compressed-300x225.jpg 300w, https:\/\/jirioberfalzer.cz\/wp-content\/uploads\/2020\/05\/Bez-n\u00e1zvu_compressed-768x576.jpg 768w, https:\/\/jirioberfalzer.cz\/wp-content\/uploads\/2020\/05\/Bez-n\u00e1zvu_compressed.jpg 1000w\" sizes=\"auto, (max-width: 300px) 100vw, 300px\" \/><\/a>Na h\u0159bitov\u011b v pra\u017esk\u00e9m Motole m\u00edstop\u0159edseda Sen\u00e1tu Ji\u0159\u00ed Oberfalzer uctil dne 11. kv\u011btna spole\u010dn\u011b s ma\u010farsk\u00fdm velvyslancem M. Borosem pam\u00e1tku ob\u011bt\u00ed komunismu. V leto\u0161n\u00edm roce prob\u011bhl pietn\u00ed akt na tomto m\u00edst\u011b, p\u0159ipom\u00ednaj\u00edc\u00edm temnou historii 50. let, v komorn\u011bj\u0161\u00ed podob\u011b.<\/p>\n<p>Na motolsk\u00fd h\u0159bitov za\u010dali komunist\u00e9 p\u0159emis\u0165ovat urny popraven\u00fdch a ve v\u011bzen\u00ed zem\u0159el\u00fdch politick\u00fdch v\u011bz\u0148\u016f z v\u011bznic, kde urny p\u016fvodn\u011b skladovali. V\u0161e prob\u00edhalo v p\u0159\u00edsn\u00e9m utajen\u00ed a spole\u010dn\u00e9 poh\u0159ebi\u0161t\u011b zde bylo objeveno a\u017e d\u00edky b\u00e1d\u00e1n\u00ed dokumenta\u010dn\u00edho st\u0159ediska Konfederace politick\u00fdch v\u011bz\u0148\u016f. Jej\u00edmu zakladateli Oto Stehl\u00edkovi se poda\u0159ilo zjistit, \u017ee v letech 1958 a\u017e 1965 se sem sv\u00e1\u017eely z cel\u00e9 republiky ostatky ve form\u011b popela. Je zde nap\u0159\u00edklad urna s popelem pilota RAF Josefa Brykse, kter\u00fd zem\u0159el v roce 1957 v koncentra\u010dn\u00edm t\u00e1bo\u0159e v J\u00e1chymov\u011b. Celkov\u00fd po\u010det uren p\u0159evezen\u00fdch do Motola dosud nen\u00ed zn\u00e1m a identifikovat se poda\u0159ilo urny jen n\u011bkolika m\u00e1lo des\u00edtek osob, proto\u017ee byly ozna\u010deny pouze \u010d\u00edsly.<\/p>\n<p>\u201eKomunismus byl epidemi\u00ed hor\u0161\u00ed, ne\u017e je sou\u010dasn\u00e1 pandemie coronaviru. Zanechal v\u00edc ob\u011bt\u00ed, ekonomick\u00fdch \u0161kod a \u0161r\u00e1m\u016f na mor\u00e1lce n\u00e1roda, ze kter\u00fdch se uzdravujeme dodnes. Doufejme, \u017ee nep\u0159ijde jeho druh\u00e1 vlna!\u201c uvedl p\u0159i t\u00e9 p\u0159\u00edle\u017eitosti sen\u00e1tor Oberfalzer.<\/p>\n","protected":false},"excerpt":{"rendered":"<p>Ob\u011bti komunismu uctil m\u00edstop\u0159edseda Sen\u00e1tu Ji\u0159\u00ed Oberfalzer spole\u010dn\u011b s velvyslancem Ma\u010farska v \u010cR J.E. Miklosem Borosem na poh\u0159ebi\u0161ti v Motole.<\/p>\n","protected":false},"author":2,"featured_media":2538,"comment_status":"open","ping_status":"open","sticky":false,"template":"","format":"standard","meta":{"footnotes":""},"categories":[3],"tags":[],"class_list":["post-2537","post","type-post","status-publish","format-standard","has-post-thumbnail","hentry","category-udalosti-a-komentare"],"_links":{"self":[{"href":"https:\/\/jirioberfalzer.cz\/index.php?rest_route=\/wp\/v2\/posts\/2537","targetHints":{"allow":["GET"]}}],"collection":[{"href":"https:\/\/jirioberfalzer.cz\/index.php?rest_route=\/wp\/v2\/posts"}],"about":[{"href":"https:\/\/jirioberfalzer.cz\/index.php?rest_route=\/wp\/v2\/types\/post"}],"author":[{"embeddable":true,"href":"https:\/\/jirioberfalzer.cz\/index.php?rest_route=\/wp\/v2\/users\/2"}],"replies":[{"embeddable":true,"href":"https:\/\/jirioberfalzer.cz\/index.php?rest_route=%2Fwp%2Fv2%2Fcomments&post=2537"}],"version-history":[{"count":3,"href":"https:\/\/jirioberfalzer.cz\/index.php?rest_route=\/wp\/v2\/posts\/2537\/revisions"}],"predecessor-version":[{"id":2541,"href":"https:\/\/jirioberfalzer.cz\/index.php?rest_route=\/wp\/v2\/posts\/2537\/revisions\/2541"}],"wp:featuredmedia":[{"embeddable":true,"href":"https:\/\/jirioberfalzer.cz\/index.php?rest_route=\/wp\/v2\/media\/2538"}],"wp:attachment":[{"href":"https:\/\/jirioberfalzer.cz\/index.php?rest_route=%2Fwp%2Fv2%2Fmedia&parent=2537"}],"wp:term":[{"taxonomy":"category","embeddable":true,"href":"https:\/\/jirioberfalzer.cz\/index.php?rest_route=%2Fwp%2Fv2%2Fcategories&post=2537"},{"taxonomy":"post_tag","embeddable":true,"href":"https:\/\/jirioberfalzer.cz\/index.php?rest_route=%2Fwp%2Fv2%2Ftags&post=2537"}],"curies":[{"name":"wp","href":"https:\/\/api.w.org\/{rel}","templated":true}]}}