{"id":2503,"date":"2020-02-21T14:33:57","date_gmt":"2020-02-21T13:33:57","guid":{"rendered":"http:\/\/jirioberfalzer.cz\/?p=2503"},"modified":"2020-02-21T14:33:57","modified_gmt":"2020-02-21T13:33:57","slug":"zakladni-skola-v-zebraku-modernizovala-skolni-kuchyni","status":"publish","type":"post","link":"https:\/\/jirioberfalzer.cz\/?p=2503","title":{"rendered":"Z\u00e1kladn\u00ed \u0161kola v \u017debr\u00e1ku modernizovala \u0161koln\u00ed kuchyni"},"content":{"rendered":"<p><a href=\"https:\/\/jirioberfalzer.cz\/wp-content\/uploads\/2020\/02\/chl\u00e9b-a-s\u016fl-JO.png\"><img loading=\"lazy\" decoding=\"async\" class=\"aligncenter size-medium wp-image-2504\" src=\"https:\/\/jirioberfalzer.cz\/wp-content\/uploads\/2020\/02\/chl\u00e9b-a-s\u016fl-JO-300x169.png\" alt=\"\" width=\"300\" height=\"169\" srcset=\"https:\/\/jirioberfalzer.cz\/wp-content\/uploads\/2020\/02\/chl\u00e9b-a-s\u016fl-JO-300x169.png 300w, https:\/\/jirioberfalzer.cz\/wp-content\/uploads\/2020\/02\/chl\u00e9b-a-s\u016fl-JO-768x432.png 768w, https:\/\/jirioberfalzer.cz\/wp-content\/uploads\/2020\/02\/chl\u00e9b-a-s\u016fl-JO.png 1000w\" sizes=\"auto, (max-width: 300px) 100vw, 300px\" \/><\/a>Z\u00e1kladn\u00ed \u0161kola v\u00a0\u017debr\u00e1ku ud\u011blala dal\u0161\u00ed obrovsk\u00fd krok v\u00a0modernizaci \u0161koln\u00edho komplexu, tentokr\u00e1t se jedn\u00e1 o p\u0159\u00edstavbu a stavebn\u00ed \u00fapravy \u0161koln\u00ed kuchyn\u011b s j\u00eddelnou a jej\u00edho bezprost\u0159edn\u00edho okol\u00ed zahrnuj\u00edc\u00edho i nov\u00e9 plochy pro z\u00e1sobov\u00e1n\u00ed a odpadov\u00e9 hospod\u00e1\u0159stv\u00ed budovy. Na slavnostn\u00edm otev\u0159en\u00ed 20. \u00fanora 2020 popsal \u0159editel \u0161koly Mgr. Ladislav \u0160najdr pr\u016fb\u011bh prac\u00ed a ocenil v\u0161echny, kte\u0159\u00ed se na rekonstrukci pod\u00edleli. Pot\u011b\u0161ilo m\u011b jeho pod\u011bkov\u00e1n\u00ed za mou pomoc p\u0159i jedn\u00e1n\u00ed s\u00a0\u00fa\u0159ady, zejm\u00e9na s\u00a0ministerstvem financ\u00ed. Bez dotace ve v\u00fd\u0161i 19 milion\u016f korun by se cel\u00e1 stavebn\u00ed akce neobe\u0161la. V\u00e1\u017e\u00edm si dlouhodob\u00e9 p\u00e9\u010de o modernizaci \u0161koly, za kterou stoj\u00ed jak jej\u00ed veden\u00ed v\u00a0\u010dele s\u00a0\u0159editelem \u0160najdrem, tak i veden\u00ed obce v\u00a0\u010dele se starostou Danem Havl\u00edkem. Po relativn\u011b ned\u00e1vn\u00e9m otev\u0159en\u00ed nov\u00e9 p\u0159\u00edstavby pavilonu, \u0161aten a recepce je p\u0159\u00edstavba a rekonstrukce \u0161koln\u00ed kuchyn\u011b a j\u00eddelny dal\u0161\u00ed etapou na cest\u011b k\u00a0vybudov\u00e1n\u00ed modern\u00ed a p\u0159\u00edv\u011btiv\u00e9 \u0161koly, kterou ta \u017eebr\u00e1ck\u00e1 opravdu je. Nov\u00fd kab\u00e1t dostaly tak\u00e9 pracovny \u0159editele a veden\u00ed \u0161koly, nov\u00e1 po\u010d\u00edta\u010dov\u00e1 m\u00edstnost, p\u016fdn\u00ed \u010d\u00e1st a tak\u00e9 sklepn\u00ed z\u00e1zem\u00ed pro provoz kuchyn\u011b. Na Desce cti (vynikaj\u00edc\u00edch absolvent\u016f \u0161koly) jsme na\u0161li jak jm\u00e9no pana \u0159editele, tak pana starosty. Po slavnostn\u00edm p\u0159est\u0159i\u017een\u00ed p\u00e1sky n\u00e1s \u010dekalo p\u0159\u00edjemn\u00e9 p\u0159ekvapen\u00ed \u2013 uv\u00edt\u00e1n\u00ed chlebem a sol\u00ed, ale i chutn\u00e9 ob\u010derstven\u00ed. Byl jsem veden\u00edm ubezpe\u010den, \u017ee touto etapou snahy o vylep\u0161ov\u00e1n\u00ed \u0161koly nekon\u010d\u00ed. Tak uvid\u00edme, co dal\u0161\u00edho se v\u00a0\u017debr\u00e1ku chyst\u00e1.<\/p>\n","protected":false},"excerpt":{"rendered":"<p>Z\u00e1kladn\u00ed \u0161kola v\u00a0\u017debr\u00e1ku slavnostn\u011b otev\u0159ela nov\u00e9 prostory \u0161koln\u00ed kuchyn\u011b s j\u00eddelnou. \u0158editel \u0161koly pod\u011bkoval sen\u00e1toru Oberfalzerovi za pomoc v jedn\u00e1n\u00ed s \u00fa\u0159ady.<\/p>\n","protected":false},"author":2,"featured_media":2504,"comment_status":"open","ping_status":"open","sticky":false,"template":"","format":"standard","meta":{"footnotes":""},"categories":[2],"tags":[],"class_list":["post-2503","post","type-post","status-publish","format-standard","has-post-thumbnail","hentry","category-z-regionu"],"_links":{"self":[{"href":"https:\/\/jirioberfalzer.cz\/index.php?rest_route=\/wp\/v2\/posts\/2503","targetHints":{"allow":["GET"]}}],"collection":[{"href":"https:\/\/jirioberfalzer.cz\/index.php?rest_route=\/wp\/v2\/posts"}],"about":[{"href":"https:\/\/jirioberfalzer.cz\/index.php?rest_route=\/wp\/v2\/types\/post"}],"author":[{"embeddable":true,"href":"https:\/\/jirioberfalzer.cz\/index.php?rest_route=\/wp\/v2\/users\/2"}],"replies":[{"embeddable":true,"href":"https:\/\/jirioberfalzer.cz\/index.php?rest_route=%2Fwp%2Fv2%2Fcomments&post=2503"}],"version-history":[{"count":1,"href":"https:\/\/jirioberfalzer.cz\/index.php?rest_route=\/wp\/v2\/posts\/2503\/revisions"}],"predecessor-version":[{"id":2505,"href":"https:\/\/jirioberfalzer.cz\/index.php?rest_route=\/wp\/v2\/posts\/2503\/revisions\/2505"}],"wp:featuredmedia":[{"embeddable":true,"href":"https:\/\/jirioberfalzer.cz\/index.php?rest_route=\/wp\/v2\/media\/2504"}],"wp:attachment":[{"href":"https:\/\/jirioberfalzer.cz\/index.php?rest_route=%2Fwp%2Fv2%2Fmedia&parent=2503"}],"wp:term":[{"taxonomy":"category","embeddable":true,"href":"https:\/\/jirioberfalzer.cz\/index.php?rest_route=%2Fwp%2Fv2%2Fcategories&post=2503"},{"taxonomy":"post_tag","embeddable":true,"href":"https:\/\/jirioberfalzer.cz\/index.php?rest_route=%2Fwp%2Fv2%2Ftags&post=2503"}],"curies":[{"name":"wp","href":"https:\/\/api.w.org\/{rel}","templated":true}]}}