{"id":2467,"date":"2020-01-28T09:49:40","date_gmt":"2020-01-28T08:49:40","guid":{"rendered":"http:\/\/jirioberfalzer.cz\/?p=2467"},"modified":"2020-01-31T10:27:59","modified_gmt":"2020-01-31T09:27:59","slug":"v-senatu-uctili-den-pamatky-obeti-holocaustu-a-predchazeni-zlocinum-proti-lidskosti","status":"publish","type":"post","link":"https:\/\/jirioberfalzer.cz\/?p=2467","title":{"rendered":"V Sen\u00e1tu uctili Den pam\u00e1tky ob\u011bt\u00ed holocaustu a p\u0159edch\u00e1zen\u00ed zlo\u010din\u016fm proti lidskosti"},"content":{"rendered":"<p><a href=\"https:\/\/jirioberfalzer.cz\/wp-content\/uploads\/2020\/01\/Holocaust-leden-2020_compressed.jpg\"><img loading=\"lazy\" decoding=\"async\" class=\"aligncenter size-medium wp-image-2468\" src=\"https:\/\/jirioberfalzer.cz\/wp-content\/uploads\/2020\/01\/Holocaust-leden-2020_compressed-300x178.jpg\" alt=\"\" width=\"300\" height=\"178\" srcset=\"https:\/\/jirioberfalzer.cz\/wp-content\/uploads\/2020\/01\/Holocaust-leden-2020_compressed-300x178.jpg 300w, https:\/\/jirioberfalzer.cz\/wp-content\/uploads\/2020\/01\/Holocaust-leden-2020_compressed-768x457.jpg 768w, https:\/\/jirioberfalzer.cz\/wp-content\/uploads\/2020\/01\/Holocaust-leden-2020_compressed.jpg 930w\" sizes=\"auto, (max-width: 300px) 100vw, 300px\" \/><\/a>27. ledna 2020 si \u00fa\u010dastn\u00edci vzpom\u00ednkov\u00e9ho setk\u00e1n\u00ed v Sen\u00e1tu p\u0159ipomn\u011bli 75. v\u00fdro\u010d\u00ed osvobozen\u00ed nacistick\u00e9ho koncentra\u010dn\u00edho a vyhlazovac\u00edho t\u00e1bora Auschwitz-Birkenau (Osv\u011btim-B\u0159ezinka). Tento den je od roku 2004 schv\u00e1len\u00fdm Dnem pam\u00e1tky ob\u011bt\u00ed holocaustu a p\u0159edch\u00e1zen\u00ed zlo\u010din\u016fm proti lidskosti v \u010cR a od roku 2005 vyhl\u00e1\u0161en Valn\u00fdm shrom\u00e1\u017ed\u011bn\u00edm OSN Mezin\u00e1rodn\u00edm dnem pam\u00e1tky ob\u011bt\u00ed holocaustu.<br \/>\nNa setk\u00e1n\u00ed byl v \u00favodu minutou ticha uct\u011bn n\u00e1hl\u00fd skon p\u0159edsedy Sen\u00e1tu Jaroslava Kubery. Hlavn\u00edm poselstv\u00edm jeho projevu, kter\u00fd s \u00fapravou p\u0159ednesl m\u00edstop\u0159edseda Sen\u00e1tu Ji\u0159\u00ed Oberfalzer, byl apel k osobn\u00ed zodpov\u011bdnosti: \u201eNezb\u00fdv\u00e1 n\u00e1m ne\u017e burcovat v\u0161echny slu\u0161n\u00e9 lidi k aktivn\u00edmu odporu proti v\u0161em form\u00e1m zla a demagogie. Je nutn\u00e9 vymezovat se proti zpochyb\u0148ov\u00e1n\u00ed z\u00e1kladn\u00edch princip\u016f humanismu a demokracie. I ze zd\u00e1nliv\u011b margin\u00e1ln\u00edch projev\u016f obhroublosti a netolerance k n\u00e1zor\u016fm a \u017eivotu druh\u00fdch m\u016f\u017ee vyr\u016fst zlo do katastrof\u00e1ln\u00edch rozm\u011br\u016f.\u201c<br \/>\nD\u00e1le vystoupil p\u0159edseda Poslaneck\u00e9 sn\u011bmovny Radek Vondr\u00e1\u010dek, b\u00fdval\u00e1 v\u011bzenkyn\u011b nacistick\u00e9ho t\u00e1bora Auschwitz-Birkenau Eva Pokorn\u00e1, \u0159editelka Muzea romsk\u00e9 kultury v Brn\u011b Jana Horv\u00e1thov\u00e1 a p\u0159edseda spr\u00e1vn\u00ed rady Nada\u010dn\u00edho fondu ob\u011btem holocaustu Michal Kl\u00edma. Zazn\u011bly koncertn\u00ed skladby Gideona Kleina, Camilla Saint-Saensa a Ji\u0159\u00edho Ho\u0161ka v pod\u00e1n\u00ed Dominiky Weiss Ho\u0161kov\u00e9 a Ji\u0159\u00edho Ho\u0161ka. Sou\u010d\u00e1st\u00ed leto\u0161n\u00edho pam\u011btn\u00edho setk\u00e1n\u00ed je v\u00fdstava s n\u00e1zvem \u201eMot\u00fdla jsem tu nevid\u011bl: kresby d\u011bt\u00ed z terez\u00ednsk\u00e9ho ghetta\u201c, zap\u016fj\u010den\u00e1 z \u017didovsk\u00e9ho muzea v Praze. V r\u00e1mci neform\u00e1ln\u00edho setk\u00e1n\u00ed byla p\u0159edstavena nov\u00e1 kniha Pavla Barocha Mengeleho dvoj\u010de A-782, p\u0159\u00edb\u011bh Ji\u0159\u00edho Fi\u0161era, kter\u00fd jako osmilet\u00fd p\u0159e\u017eil Osv\u011btim.<br \/>\nKa\u017edoro\u010dn\u011b se slavnostn\u00edho vzpom\u00ednkov\u00e9ho setk\u00e1n\u00ed \u00fa\u010dastn\u00ed des\u00edtky p\u0159e\u017eiv\u0161\u00edch nacistick\u00fdch koncentra\u010dn\u00edch t\u00e1bor\u016f, z\u00e1stupci organizac\u00ed, kter\u00e9 sdru\u017euj\u00ed b\u00fdval\u00e9 v\u011bzn\u011b a v\u011bzenkyn\u011b (jako je nap\u0159. Terez\u00ednsk\u00e1 iniciativa, Historick\u00e1 skupina Osv\u011btim, Ukr\u00fdvan\u00e9 d\u011bti), sen\u00e1to\u0159i a sen\u00e1torky, velvyslanci a velvyslankyn\u011b, vrchn\u00ed zemsk\u00fd rab\u00edn, arcibiskup pra\u017esk\u00fd a dal\u0161\u00ed v\u00fdznamn\u00e9 osobnosti kulturn\u00edho, politick\u00e9ho a n\u00e1bo\u017eensk\u00e9ho \u017eivota.<\/p>\n","protected":false},"excerpt":{"rendered":"<p>Na vzpom\u00ednkov\u00e9m setk\u00e1n\u00ed ke Dni pam\u00e1tky ob\u011bt\u00ed holocaustu a p\u0159edch\u00e1zen\u00ed zlo\u010din\u016fm proti lidskosti vystoupil s projevem m\u00edstop\u0159edseda Ji\u0159\u00ed Oberfalzer, kter\u00fd zastoupil ned\u00e1vno n\u00e1hle zesnul\u00e9ho p\u0159edsedu J. Kuberu a p\u0159ednesl j\u00edm p\u016fvodn\u011b p\u0159ipraven\u00fd projev.<\/p>\n","protected":false},"author":2,"featured_media":2468,"comment_status":"open","ping_status":"open","sticky":false,"template":"","format":"standard","meta":{"footnotes":""},"categories":[16],"tags":[],"class_list":["post-2467","post","type-post","status-publish","format-standard","has-post-thumbnail","hentry","category-ze-senatu"],"_links":{"self":[{"href":"https:\/\/jirioberfalzer.cz\/index.php?rest_route=\/wp\/v2\/posts\/2467","targetHints":{"allow":["GET"]}}],"collection":[{"href":"https:\/\/jirioberfalzer.cz\/index.php?rest_route=\/wp\/v2\/posts"}],"about":[{"href":"https:\/\/jirioberfalzer.cz\/index.php?rest_route=\/wp\/v2\/types\/post"}],"author":[{"embeddable":true,"href":"https:\/\/jirioberfalzer.cz\/index.php?rest_route=\/wp\/v2\/users\/2"}],"replies":[{"embeddable":true,"href":"https:\/\/jirioberfalzer.cz\/index.php?rest_route=%2Fwp%2Fv2%2Fcomments&post=2467"}],"version-history":[{"count":3,"href":"https:\/\/jirioberfalzer.cz\/index.php?rest_route=\/wp\/v2\/posts\/2467\/revisions"}],"predecessor-version":[{"id":2480,"href":"https:\/\/jirioberfalzer.cz\/index.php?rest_route=\/wp\/v2\/posts\/2467\/revisions\/2480"}],"wp:featuredmedia":[{"embeddable":true,"href":"https:\/\/jirioberfalzer.cz\/index.php?rest_route=\/wp\/v2\/media\/2468"}],"wp:attachment":[{"href":"https:\/\/jirioberfalzer.cz\/index.php?rest_route=%2Fwp%2Fv2%2Fmedia&parent=2467"}],"wp:term":[{"taxonomy":"category","embeddable":true,"href":"https:\/\/jirioberfalzer.cz\/index.php?rest_route=%2Fwp%2Fv2%2Fcategories&post=2467"},{"taxonomy":"post_tag","embeddable":true,"href":"https:\/\/jirioberfalzer.cz\/index.php?rest_route=%2Fwp%2Fv2%2Ftags&post=2467"}],"curies":[{"name":"wp","href":"https:\/\/api.w.org\/{rel}","templated":true}]}}