{"id":2457,"date":"2019-11-26T14:04:26","date_gmt":"2019-11-26T13:04:26","guid":{"rendered":"http:\/\/jirioberfalzer.cz\/?p=2457"},"modified":"2019-11-26T14:13:15","modified_gmt":"2019-11-26T13:13:15","slug":"2457","status":"publish","type":"post","link":"https:\/\/jirioberfalzer.cz\/?p=2457","title":{"rendered":"M\u00edstop\u0159edseda Oberfalzer vedl parlamentn\u00ed delegaci na \u010desk\u00e9 n\u00e1rodn\u00ed pouti k oslav\u011b v\u00fdro\u010d\u00ed svato\u0159e\u010den\u00ed Ane\u017eky \u010cesk\u00e9"},"content":{"rendered":"<p><a href=\"https:\/\/jirioberfalzer.cz\/wp-content\/uploads\/2019\/11\/vatik.png\"><img loading=\"lazy\" decoding=\"async\" class=\"aligncenter size-medium wp-image-2461\" src=\"https:\/\/jirioberfalzer.cz\/wp-content\/uploads\/2019\/11\/vatik-300x220.png\" alt=\"\" width=\"300\" height=\"220\" srcset=\"https:\/\/jirioberfalzer.cz\/wp-content\/uploads\/2019\/11\/vatik-300x220.png 300w, https:\/\/jirioberfalzer.cz\/wp-content\/uploads\/2019\/11\/vatik.png 644w\" sizes=\"auto, (max-width: 300px) 100vw, 300px\" \/><\/a>Parlamentn\u00ed delegace veden\u00e1 m\u00edstop\u0159edsedou Sen\u00e1tu Ji\u0159\u00edm Oberfalzerem byla hlavn\u00edm ofici\u00e1ln\u00edm z\u00e1stupcem \u010cR na \u010desk\u00e9 n\u00e1rodn\u00ed pouti k oslav\u011b v\u00fdro\u010d\u00ed svato\u0159e\u010den\u00ed Ane\u017eky \u010cesk\u00e9. Letos 12. listopadu uplynulo od t\u00e9to v\u00fdznamn\u00e9 ud\u00e1losti 30 let a p\u0159ipomn\u011blo si ji na \u010dty\u0159i tis\u00edce poutn\u00edk\u016f z \u010cesk\u00e9 republiky, kte\u0159\u00ed se \u00fa\u010dastnili t\u0159\u00eddenn\u00edho programu liturgi\u00ed a setk\u00e1n\u00ed v \u0158\u00edm\u011b.<br \/>\nN\u00e1rodn\u00ed pou\u0165 za\u010dala v pond\u011bl\u00ed 11. listopadu slavnostn\u00ed m\u0161\u00ed ve vatik\u00e1nsk\u00e9 bazilice Panny Marie V\u011bt\u0161\u00ed (Santa Maria Maggiore), nejv\u011bt\u0161\u00ed bazilice v \u0158\u00edm\u011b, poch\u00e1zej\u00edc\u00ed z 5. stolet\u00ed. P\u0159edch\u00e1zelo j\u00ed dopoledn\u00ed p\u0159ijet\u00ed parlamentn\u00ed delegace sekret\u00e1\u0159em Svat\u00e9ho stolce pro styky se st\u00e1ty J.E. Mons. Paulem Richardem Gallagherem.<br \/>\nPo hlavn\u00ed bohoslu\u017eb\u011b n\u00e1rodn\u00ed pouti, kterou v \u00fater\u00fd v bazilice sv. Petra ve Vatik\u00e1nu vedl kardin\u00e1l Dominik Duka, se m\u00edstop\u0159edseda Oberfalzer s dal\u0161\u00edmi \u010dleny delegace a biskupy odebral k olt\u00e1\u0159i sv. V\u00e1clava a pot\u00e9 do krypty k modlitb\u011b u sochy sv. Ane\u017eky \u010cesk\u00e9. Vpodve\u010der se delegace z\u00fa\u010dastnila koncertu Hudby Hradn\u00ed str\u00e1\u017ee a Policie \u010cR a n\u011bkolika p\u011bveck\u00fdch sbor\u016f s n\u00e1zvem \u201e\u010cesk\u00e9 nebe\u201c v bazilice sv. Jana v Later\u00e1nu.<br \/>\nVyvrcholen\u00edm byla st\u0159ede\u010dn\u00ed gener\u00e1ln\u00ed audience na n\u00e1m\u011bst\u00ed sv. Petra v \u0158\u00edm\u011b, kde se m\u00edstop\u0159edseda Oberfalzer ji\u017e podruh\u00e9 setkal tv\u00e1\u0159\u00ed v tv\u00e1\u0159 s pape\u017eem Franti\u0161kem. B\u011bhem audience byl pape\u017ei p\u0159ed\u00e1n pam\u011btn\u00ed dar \u2013 socha Koruny sv. Ane\u017eky \u010cesk\u00e9 s otisky prst\u016f lid\u00ed, kte\u0159\u00ed na jej\u00ed vznik p\u0159isp\u011bli, a tak\u00e9 \u0161ek s pen\u011bzi vybran\u00fdmi ve sb\u00edrce a ur\u010den\u00fdmi pro chud\u00e9 a pot\u0159ebn\u00e9. N\u00e1rodn\u00ed pou\u0165 pak byla slavnostn\u011b zakon\u010dena m\u0161\u00ed svatou v bazilice sv. Jana v Later\u00e1nu.<br \/>\n\u201eN\u00e1rodn\u00ed pou\u0165 pro m\u011b byla nev\u0161edn\u00edm z\u00e1\u017eitkem a setk\u00e1n\u00ed s pape\u017eem a celou \u0159adou v\u00fdznamn\u00fdch i prost\u00fdch lid\u00ed pat\u0159ila k siln\u00fdm okam\u017eik\u016fm, kter\u00e9 se \u010dlov\u011bku vtisknou do pam\u011bti u\u017e napo\u0159\u00e1d,\u201c vyj\u00e1d\u0159il sv\u00e9 pocity m\u00edstop\u0159edseda Sen\u00e1tu Ji\u0159\u00ed Oberfalzer.<\/p>\n","protected":false},"excerpt":{"rendered":"<p>Parlamentn\u00ed delegace veden\u00e1 m\u00edstop\u0159edsedou Sen\u00e1tu Ji\u0159\u00edm Oberfalzerem byla hlavn\u00edm ofici\u00e1ln\u00edm z\u00e1stupcem \u010cR na \u010desk\u00e9 n\u00e1rodn\u00ed pouti k oslav\u011b v\u00fdro\u010d\u00ed svato\u0159e\u010den\u00ed Ane\u017eky \u010cesk\u00e9.<\/p>\n","protected":false},"author":2,"featured_media":2461,"comment_status":"open","ping_status":"open","sticky":false,"template":"","format":"standard","meta":{"footnotes":""},"categories":[3],"tags":[],"class_list":["post-2457","post","type-post","status-publish","format-standard","has-post-thumbnail","hentry","category-udalosti-a-komentare"],"_links":{"self":[{"href":"https:\/\/jirioberfalzer.cz\/index.php?rest_route=\/wp\/v2\/posts\/2457","targetHints":{"allow":["GET"]}}],"collection":[{"href":"https:\/\/jirioberfalzer.cz\/index.php?rest_route=\/wp\/v2\/posts"}],"about":[{"href":"https:\/\/jirioberfalzer.cz\/index.php?rest_route=\/wp\/v2\/types\/post"}],"author":[{"embeddable":true,"href":"https:\/\/jirioberfalzer.cz\/index.php?rest_route=\/wp\/v2\/users\/2"}],"replies":[{"embeddable":true,"href":"https:\/\/jirioberfalzer.cz\/index.php?rest_route=%2Fwp%2Fv2%2Fcomments&post=2457"}],"version-history":[{"count":4,"href":"https:\/\/jirioberfalzer.cz\/index.php?rest_route=\/wp\/v2\/posts\/2457\/revisions"}],"predecessor-version":[{"id":2463,"href":"https:\/\/jirioberfalzer.cz\/index.php?rest_route=\/wp\/v2\/posts\/2457\/revisions\/2463"}],"wp:featuredmedia":[{"embeddable":true,"href":"https:\/\/jirioberfalzer.cz\/index.php?rest_route=\/wp\/v2\/media\/2461"}],"wp:attachment":[{"href":"https:\/\/jirioberfalzer.cz\/index.php?rest_route=%2Fwp%2Fv2%2Fmedia&parent=2457"}],"wp:term":[{"taxonomy":"category","embeddable":true,"href":"https:\/\/jirioberfalzer.cz\/index.php?rest_route=%2Fwp%2Fv2%2Fcategories&post=2457"},{"taxonomy":"post_tag","embeddable":true,"href":"https:\/\/jirioberfalzer.cz\/index.php?rest_route=%2Fwp%2Fv2%2Ftags&post=2457"}],"curies":[{"name":"wp","href":"https:\/\/api.w.org\/{rel}","templated":true}]}}