{"id":2440,"date":"2019-11-19T15:12:51","date_gmt":"2019-11-19T14:12:51","guid":{"rendered":"http:\/\/jirioberfalzer.cz\/?p=2440"},"modified":"2019-11-19T15:12:51","modified_gmt":"2019-11-19T14:12:51","slug":"vzpominky-na-listopadove-udalosti-pred-30-lety","status":"publish","type":"post","link":"https:\/\/jirioberfalzer.cz\/?p=2440","title":{"rendered":"Vzpom\u00ednky na listopadov\u00e9 ud\u00e1losti p\u0159ed 30 lety"},"content":{"rendered":"<p><a href=\"https:\/\/jirioberfalzer.cz\/wp-content\/uploads\/2019\/11\/JO-a-prez.-Havel.jpg\"><img loading=\"lazy\" decoding=\"async\" class=\"aligncenter size-medium wp-image-2441\" src=\"https:\/\/jirioberfalzer.cz\/wp-content\/uploads\/2019\/11\/JO-a-prez.-Havel-300x169.jpg\" alt=\"\" width=\"300\" height=\"169\" srcset=\"https:\/\/jirioberfalzer.cz\/wp-content\/uploads\/2019\/11\/JO-a-prez.-Havel-300x169.jpg 300w, https:\/\/jirioberfalzer.cz\/wp-content\/uploads\/2019\/11\/JO-a-prez.-Havel-768x431.jpg 768w, https:\/\/jirioberfalzer.cz\/wp-content\/uploads\/2019\/11\/JO-a-prez.-Havel-1024x575.jpg 1024w, https:\/\/jirioberfalzer.cz\/wp-content\/uploads\/2019\/11\/JO-a-prez.-Havel.jpg 1200w\" sizes=\"auto, (max-width: 300px) 100vw, 300px\" \/><\/a>Jako p\u0159\u00edm\u00fd akt\u00e9r listopadov\u00e9ho a polistopadov\u00e9ho d\u011bn\u00ed m\u00e1m na co vzpom\u00ednat a jsem r\u00e1d, \u017ee ud\u00e1losti mohu zprost\u0159edkovat mlad\u00e9 generaci, kter\u00e1 listopad neza\u017eila.<br \/>\nTak nap\u0159\u00edklad na besed\u011b v berounsk\u00e9m gymn\u00e1ziu jsem se o sv\u00e9 z\u00e1\u017eitky pod\u011blil se studenty a m\u00e1m radost, \u017ee se aktivn\u011b do besedy zapojili. Mj, o tom napsali: &#8222;Velkou pozornost v\u011bnoval Ji\u0159\u00ed Oberfalzer ot\u00e1zce demokracie a v z\u00e1v\u011bru prvn\u00ed \u010d\u00e1sti besedy vyzkou\u0161el studenty ze znalosti autor\u016f slavn\u00fdch cit\u00e1t\u016f vztahuj\u00edc\u00edch se pr\u00e1v\u011b k demokracii. Ve druh\u00e9m bloku sv\u00e9ho vystoupen\u00ed dal pan sen\u00e1tor prostor pro dotazy student\u016f. Na z\u00e1v\u011br sklidil Ji\u0159\u00ed Oberfalzer velk\u00fd potlesk. P\u0159edn\u00e1\u0161ka i beseda bezesporu zaujala v\u0161echny, i ty, kte\u0159\u00ed se o politiku p\u0159\u00edli\u0161 nezaj\u00edmaj\u00ed. Bylo toti\u017e vid\u011bt, \u017ee pan sen\u00e1tor velmi dob\u0159e v\u00ed, o \u010dem mluv\u00ed. Pomohl n\u00e1m l\u00e9pe pochopit dobu, kterou jsme neza\u017eili, p\u0159edstavit si \u017eivot v totalit\u011b a l\u00e9pe se orientovat v sou\u010dasn\u00e9 slo\u017eit\u00e9 situaci.&#8220; R\u00e1d jsem p\u0159ijal pozv\u00e1n\u00ed a vystoupil i na dal\u0161\u00edch akc\u00edch k v\u00fdro\u010d\u00ed listopadu na mnoha m\u00edstech Berounska a Prahy-z\u00e1pad.<\/p>\n","protected":false},"excerpt":{"rendered":"<p>Oslavy 30. v\u00fdro\u010d\u00ed listopadu<\/p>\n","protected":false},"author":2,"featured_media":2441,"comment_status":"open","ping_status":"open","sticky":false,"template":"","format":"standard","meta":{"footnotes":""},"categories":[3],"tags":[],"class_list":["post-2440","post","type-post","status-publish","format-standard","has-post-thumbnail","hentry","category-udalosti-a-komentare"],"_links":{"self":[{"href":"https:\/\/jirioberfalzer.cz\/index.php?rest_route=\/wp\/v2\/posts\/2440","targetHints":{"allow":["GET"]}}],"collection":[{"href":"https:\/\/jirioberfalzer.cz\/index.php?rest_route=\/wp\/v2\/posts"}],"about":[{"href":"https:\/\/jirioberfalzer.cz\/index.php?rest_route=\/wp\/v2\/types\/post"}],"author":[{"embeddable":true,"href":"https:\/\/jirioberfalzer.cz\/index.php?rest_route=\/wp\/v2\/users\/2"}],"replies":[{"embeddable":true,"href":"https:\/\/jirioberfalzer.cz\/index.php?rest_route=%2Fwp%2Fv2%2Fcomments&post=2440"}],"version-history":[{"count":1,"href":"https:\/\/jirioberfalzer.cz\/index.php?rest_route=\/wp\/v2\/posts\/2440\/revisions"}],"predecessor-version":[{"id":2442,"href":"https:\/\/jirioberfalzer.cz\/index.php?rest_route=\/wp\/v2\/posts\/2440\/revisions\/2442"}],"wp:featuredmedia":[{"embeddable":true,"href":"https:\/\/jirioberfalzer.cz\/index.php?rest_route=\/wp\/v2\/media\/2441"}],"wp:attachment":[{"href":"https:\/\/jirioberfalzer.cz\/index.php?rest_route=%2Fwp%2Fv2%2Fmedia&parent=2440"}],"wp:term":[{"taxonomy":"category","embeddable":true,"href":"https:\/\/jirioberfalzer.cz\/index.php?rest_route=%2Fwp%2Fv2%2Fcategories&post=2440"},{"taxonomy":"post_tag","embeddable":true,"href":"https:\/\/jirioberfalzer.cz\/index.php?rest_route=%2Fwp%2Fv2%2Ftags&post=2440"}],"curies":[{"name":"wp","href":"https:\/\/api.w.org\/{rel}","templated":true}]}}