{"id":2435,"date":"2019-11-08T15:27:10","date_gmt":"2019-11-08T14:27:10","guid":{"rendered":"http:\/\/jirioberfalzer.cz\/?p=2435"},"modified":"2019-11-08T15:28:19","modified_gmt":"2019-11-08T14:28:19","slug":"na-dve-hodiny-do-listopadu-1989-aneb-beseda-s-jirim-oberfalzerem","status":"publish","type":"post","link":"https:\/\/jirioberfalzer.cz\/?p=2435","title":{"rendered":"Na dv\u011b hodiny do listopadu 1989 aneb beseda s Ji\u0159\u00edm Oberfalzerem"},"content":{"rendered":"<p><a href=\"https:\/\/jirioberfalzer.cz\/wp-content\/uploads\/2019\/11\/gym_compressed.jpg\"><img loading=\"lazy\" decoding=\"async\" class=\"aligncenter size-medium wp-image-2436\" src=\"https:\/\/jirioberfalzer.cz\/wp-content\/uploads\/2019\/11\/gym_compressed-300x169.jpg\" alt=\"\" width=\"300\" height=\"169\" srcset=\"https:\/\/jirioberfalzer.cz\/wp-content\/uploads\/2019\/11\/gym_compressed-300x169.jpg 300w, https:\/\/jirioberfalzer.cz\/wp-content\/uploads\/2019\/11\/gym_compressed-768x432.jpg 768w, https:\/\/jirioberfalzer.cz\/wp-content\/uploads\/2019\/11\/gym_compressed.jpg 1000w\" sizes=\"auto, (max-width: 300px) 100vw, 300px\" \/><\/a>Od listopadov\u00fdch ud\u00e1lost\u00ed roku 1989 ub\u011bhlo ji\u017e t\u00e9m\u011b\u0159 30 let, ale mlad\u00e1 generace je zn\u00e1 u\u017e jen z vypr\u00e1v\u011bn\u00ed. V\u00fdro\u010d\u00ed sametov\u00e9 revoluce rychle bl\u00ed\u017e\u00ed, a to je p\u00e1dn\u00fd d\u016fvod p\u0159ipomenout si tuto p\u0159elomovou ud\u00e1lost v na\u0161ich d\u011bjin\u00e1ch. A kdo je povolan\u011bj\u0161\u00ed osobou ne\u017e pr\u00e1v\u011b Ji\u0159\u00ed Oberfalzer, kter\u00fd komunistick\u00fd re\u017eim i p\u0159evrat s\u00e1m za\u017eil?<\/p>\n<p>Dne 5. 11. 2019, v r\u00e1mci p\u0159edn\u00e1\u0161ek po\u0159\u00e1dan\u00fdch veden\u00edm \u0161koly k tomuto v\u00fdro\u010d\u00ed, se s n\u00e1mi pan m\u00edstop\u0159edseda Sen\u00e1tu Parlamentu \u010cesk\u00e9 republiky a 1. m\u00edstostarosta Kr\u00e1lova Dvora formou p\u0159edn\u00e1\u0161ky a besedy pod\u011blil o sv\u00e9 osobn\u00ed vzpom\u00ednky na \u201eoby\u010dejn\u00fd\u201c \u017eivot za totality, politick\u00e9 zku\u0161enosti a n\u00e1zory a odpov\u00eddal na \u010detn\u00e9 dotazy t\u00fdkaj\u00edc\u00ed se sou\u010dasn\u00e9 dom\u00e1c\u00ed i zahrani\u010dn\u00ed situace.<\/p>\n<p>J. Oferfalzer se narodil v roce 1954. V dob\u011b okupace \u010ceskoslovenska vojsky Var\u0161avsk\u00e9ho paktu mu bylo 14 a b\u011bhem Sametov\u00e9 revoluce 35 let, tak\u017ee ob\u011b historick\u00e9 ud\u00e1losti mohl \u017eiv\u011b popsat na z\u00e1klad\u011b vlastn\u00edch z\u00e1\u017eitk\u016f. Demonstrace na Albertov\u011b 17. listopadu se ale paradoxn\u011b nez\u00fa\u010dastnil. Se z\u00e1n\u011btem okostice sed\u011bl v zuba\u0159sk\u00e9m k\u0159esle a jak s \u00fasm\u011bvem dodal, trp\u011bl asi stejn\u011b jako lecjak\u00fd demonstrant. N\u00e1sledn\u00e9 demonstrace na V\u00e1clavsk\u00e9m n\u00e1m\u011bst\u00ed a Letn\u00e9 si ji\u017e nenechal uj\u00edt a bezprost\u0159edn\u011b n\u00e1m je p\u0159ibl\u00ed\u017eil. P\u0159itom ov\u0161em zd\u016fraznil, \u017ee zm\u011bna politick\u00e9ho syst\u00e9mu neprob\u011bhla ze dne na den, jak si n\u011bkte\u0159\u00ed mysl\u00ed. Popisoval, jak si spousta lid\u00ed do posledn\u00ed chv\u00edle ani nep\u0159ipou\u0161t\u011bla, \u017ee by mohla n\u011bjak\u00e1 zm\u011bna p\u0159ij\u00edt, p\u0159esto\u017ee se ji\u017e \u010d\u00e1st spole\u010dnosti do r\u016fzn\u00fdch protest\u016f aktivn\u011b zapojovala. S\u00e1m byl p\u0159i men\u0161\u00ed demonstraci v \u0159\u00edjnu 1989 zat\u010den a jeden den str\u00e1vil v ruzy\u0148sk\u00e9 v\u011bznici. Zd\u016fraznil d\u016fle\u017eitost ud\u00e1lost\u00ed v tehdej\u0161\u00edm ji\u017e svobodn\u011b vol\u00edc\u00edm Polsku, v NDR a Ma\u010farsku.<\/p>\n<p>Kr\u00e1tce po p\u0159evratu se stal bl\u00edzk\u00fdm spolupracovn\u00edkem V\u00e1clava Havla a zapojil se do politick\u00e9ho \u017eivota. Od roku 1999 je \u010dlenem ODS.<\/p>\n<p>Velkou pozornost v\u011bnoval Ji\u0159\u00ed Oberfalzer ot\u00e1zce demokracie a v z\u00e1v\u011bru prvn\u00ed \u010d\u00e1sti besedy vyzkou\u0161el studenty ze znalosti autor\u016f slavn\u00fdch cit\u00e1t\u016f vztahuj\u00edc\u00edch se pr\u00e1v\u011b k demokracii. \u00dasp\u011b\u0161n\u00ed respondenti si odnesli odznaky Ob\u010dansk\u00e9ho f\u00f3ra.<\/p>\n<p>Ve druh\u00e9m bloku sv\u00e9ho vystoupen\u00ed dal pan sen\u00e1tor prostor pro dotazy student\u016f. Ty se t\u00fdkaly p\u0159edev\u0161\u00edm sou\u010dasn\u00e9 situace ve vnit\u0159n\u00ed politice, rozporupln\u00e9ho vztahu \u010desk\u00e9 spole\u010dnosti ke komunismu, padly i ot\u00e1zky t\u00fdkaj\u00edc\u00ed se \u010c\u00edny a jej\u00edho vztahu s Tibetem.<\/p>\n<p>Na z\u00e1v\u011br sklidil Ji\u0159\u00ed Oberfalzer velk\u00fd potlesk. P\u0159edn\u00e1\u0161ka i beseda bezesporu zaujala v\u0161echny, i ty, kte\u0159\u00ed se o politiku p\u0159\u00edli\u0161 nezaj\u00edmaj\u00ed. Bylo toti\u017e vid\u011bt, \u017ee pan sen\u00e1tor velmi dob\u0159e v\u00ed, o \u010dem mluv\u00ed. Pomohl n\u00e1m l\u00e9pe pochopit dobu, kterou jsme neza\u017eili, p\u0159edstavit si \u017eivot v totalit\u011b a l\u00e9pe se orientovat v sou\u010dasn\u00e9 slo\u017eit\u00e9 situaci.<\/p>\n<p>Douf\u00e1me, \u017ee i panu sen\u00e1torovi se u n\u00e1s l\u00edbilo, a t\u011b\u0161\u00edme se na jeho p\u0159\u00ed\u0161t\u00ed n\u00e1v\u0161t\u011bvu.<\/p>\n<p>Zdroj: https:\/\/www.gymberoun.cz\/news\/859\/20\/Na-dv\u011b-hodiny-do-listopadu-1989-aneb-beseda-s-Ji\u0159\u00edm-Oberfalzerem<\/p>\n","protected":false},"excerpt":{"rendered":"<p>Beseda m\u00edstop\u0159edsedy Ji\u0159\u00edho Oberfalzera se studenty Gymn\u00e1zia Joachima Barranda v Beroun\u011b (nejen)o listopadu 1989<\/p>\n","protected":false},"author":2,"featured_media":2436,"comment_status":"open","ping_status":"open","sticky":false,"template":"","format":"standard","meta":{"footnotes":""},"categories":[2],"tags":[],"class_list":["post-2435","post","type-post","status-publish","format-standard","has-post-thumbnail","hentry","category-z-regionu"],"_links":{"self":[{"href":"https:\/\/jirioberfalzer.cz\/index.php?rest_route=\/wp\/v2\/posts\/2435","targetHints":{"allow":["GET"]}}],"collection":[{"href":"https:\/\/jirioberfalzer.cz\/index.php?rest_route=\/wp\/v2\/posts"}],"about":[{"href":"https:\/\/jirioberfalzer.cz\/index.php?rest_route=\/wp\/v2\/types\/post"}],"author":[{"embeddable":true,"href":"https:\/\/jirioberfalzer.cz\/index.php?rest_route=\/wp\/v2\/users\/2"}],"replies":[{"embeddable":true,"href":"https:\/\/jirioberfalzer.cz\/index.php?rest_route=%2Fwp%2Fv2%2Fcomments&post=2435"}],"version-history":[{"count":3,"href":"https:\/\/jirioberfalzer.cz\/index.php?rest_route=\/wp\/v2\/posts\/2435\/revisions"}],"predecessor-version":[{"id":2439,"href":"https:\/\/jirioberfalzer.cz\/index.php?rest_route=\/wp\/v2\/posts\/2435\/revisions\/2439"}],"wp:featuredmedia":[{"embeddable":true,"href":"https:\/\/jirioberfalzer.cz\/index.php?rest_route=\/wp\/v2\/media\/2436"}],"wp:attachment":[{"href":"https:\/\/jirioberfalzer.cz\/index.php?rest_route=%2Fwp%2Fv2%2Fmedia&parent=2435"}],"wp:term":[{"taxonomy":"category","embeddable":true,"href":"https:\/\/jirioberfalzer.cz\/index.php?rest_route=%2Fwp%2Fv2%2Fcategories&post=2435"},{"taxonomy":"post_tag","embeddable":true,"href":"https:\/\/jirioberfalzer.cz\/index.php?rest_route=%2Fwp%2Fv2%2Ftags&post=2435"}],"curies":[{"name":"wp","href":"https:\/\/api.w.org\/{rel}","templated":true}]}}