{"id":2392,"date":"2019-09-29T10:09:28","date_gmt":"2019-09-29T09:09:28","guid":{"rendered":"http:\/\/jirioberfalzer.cz\/?p=2392"},"modified":"2019-10-01T10:13:20","modified_gmt":"2019-10-01T09:13:20","slug":"130-let-sdh-kublov","status":"publish","type":"post","link":"https:\/\/jirioberfalzer.cz\/?p=2392","title":{"rendered":"130 let SDH Kublov"},"content":{"rendered":"<p><a href=\"https:\/\/jirioberfalzer.cz\/wp-content\/uploads\/2019\/10\/kub_compressed.jpg\"><img loading=\"lazy\" decoding=\"async\" class=\"aligncenter size-medium wp-image-2393\" src=\"https:\/\/jirioberfalzer.cz\/wp-content\/uploads\/2019\/10\/kub_compressed-300x225.jpg\" alt=\"\" width=\"300\" height=\"225\" srcset=\"https:\/\/jirioberfalzer.cz\/wp-content\/uploads\/2019\/10\/kub_compressed-300x225.jpg 300w, https:\/\/jirioberfalzer.cz\/wp-content\/uploads\/2019\/10\/kub_compressed-768x576.jpg 768w, https:\/\/jirioberfalzer.cz\/wp-content\/uploads\/2019\/10\/kub_compressed.jpg 960w\" sizes=\"auto, (max-width: 300px) 100vw, 300px\" \/><\/a>Kublov u\u017e sice nepat\u0159\u00ed do volebn\u00edho obvodu m\u00edstop\u0159edsedy Oberfalzera, ale m\u00edstn\u00ed hasi\u010de ji\u017e dlouhodob\u011b podporuje a ani letos si nenechal uj\u00edt p\u0159\u00edle\u017eitost poblahop\u0159\u00e1t jim k 130. v\u00fdro\u010d\u00ed vzniku SDH. Na podporu \u010dinnosti jim p\u0159isp\u011bl osobn\u00edm finan\u010dn\u00edm darem.<\/p>\n","protected":false},"excerpt":{"rendered":"<p>Dobrovoln\u00fdm hasi\u010d\u016fm v Kublov\u011b blahop\u0159\u00e1l k 130. v\u00fdro\u010d\u00ed trv\u00e1n\u00ed m\u00edstop\u0159edseda Oberfalzer.<\/p>\n","protected":false},"author":2,"featured_media":2393,"comment_status":"open","ping_status":"open","sticky":false,"template":"","format":"standard","meta":{"footnotes":""},"categories":[2],"tags":[],"class_list":["post-2392","post","type-post","status-publish","format-standard","has-post-thumbnail","hentry","category-z-regionu"],"_links":{"self":[{"href":"https:\/\/jirioberfalzer.cz\/index.php?rest_route=\/wp\/v2\/posts\/2392","targetHints":{"allow":["GET"]}}],"collection":[{"href":"https:\/\/jirioberfalzer.cz\/index.php?rest_route=\/wp\/v2\/posts"}],"about":[{"href":"https:\/\/jirioberfalzer.cz\/index.php?rest_route=\/wp\/v2\/types\/post"}],"author":[{"embeddable":true,"href":"https:\/\/jirioberfalzer.cz\/index.php?rest_route=\/wp\/v2\/users\/2"}],"replies":[{"embeddable":true,"href":"https:\/\/jirioberfalzer.cz\/index.php?rest_route=%2Fwp%2Fv2%2Fcomments&post=2392"}],"version-history":[{"count":1,"href":"https:\/\/jirioberfalzer.cz\/index.php?rest_route=\/wp\/v2\/posts\/2392\/revisions"}],"predecessor-version":[{"id":2394,"href":"https:\/\/jirioberfalzer.cz\/index.php?rest_route=\/wp\/v2\/posts\/2392\/revisions\/2394"}],"wp:featuredmedia":[{"embeddable":true,"href":"https:\/\/jirioberfalzer.cz\/index.php?rest_route=\/wp\/v2\/media\/2393"}],"wp:attachment":[{"href":"https:\/\/jirioberfalzer.cz\/index.php?rest_route=%2Fwp%2Fv2%2Fmedia&parent=2392"}],"wp:term":[{"taxonomy":"category","embeddable":true,"href":"https:\/\/jirioberfalzer.cz\/index.php?rest_route=%2Fwp%2Fv2%2Fcategories&post=2392"},{"taxonomy":"post_tag","embeddable":true,"href":"https:\/\/jirioberfalzer.cz\/index.php?rest_route=%2Fwp%2Fv2%2Ftags&post=2392"}],"curies":[{"name":"wp","href":"https:\/\/api.w.org\/{rel}","templated":true}]}}