{"id":2356,"date":"2019-07-09T10:09:43","date_gmt":"2019-07-09T09:09:43","guid":{"rendered":"http:\/\/jirioberfalzer.cz\/?p=2356"},"modified":"2019-07-09T10:09:43","modified_gmt":"2019-07-09T09:09:43","slug":"2356","status":"publish","type":"post","link":"https:\/\/jirioberfalzer.cz\/?p=2356","title":{"rendered":""},"content":{"rendered":"<p><a href=\"https:\/\/jirioberfalzer.cz\/wp-content\/uploads\/2019\/07\/pla_compressed.jpg\"><img loading=\"lazy\" decoding=\"async\" class=\"aligncenter size-medium wp-image-2357\" src=\"https:\/\/jirioberfalzer.cz\/wp-content\/uploads\/2019\/07\/pla_compressed-300x225.jpg\" alt=\"\" width=\"300\" height=\"225\" srcset=\"https:\/\/jirioberfalzer.cz\/wp-content\/uploads\/2019\/07\/pla_compressed-300x225.jpg 300w, https:\/\/jirioberfalzer.cz\/wp-content\/uploads\/2019\/07\/pla_compressed-768x576.jpg 768w, https:\/\/jirioberfalzer.cz\/wp-content\/uploads\/2019\/07\/pla_compressed.jpg 1000w\" sizes=\"auto, (max-width: 300px) 100vw, 300px\" \/><\/a>Prvn\u00edho \u010dervence jsem zav\u011b\u0161en\u00edm v\u011bnce u pam\u011btn\u00ed desky na sen\u00e1tn\u00edm n\u00e1dvo\u0159\u00ed uctil 77. v\u00fdro\u010d\u00ed \u00famrt\u00ed sen\u00e1torky Franti\u0161ky Plam\u00ednkov\u00e9, kter\u00e1 tuto funkci vykon\u00e1vala od roku 1925 a\u017e do roku 1939. Zaslou\u017eila se o zaveden\u00ed volebn\u00edho pr\u00e1va pro \u017eeny, proto\u017ee sama zalo\u017eila V\u00fdbor pro volebn\u00ed pr\u00e1va \u017een v roce 1903. Na podzim roku 1938 byla zat\u010dena a n\u011bkolik m\u011bs\u00edc\u016f v\u011bzn\u011bna. Po propu\u0161t\u011bn\u00ed se zapojila do odboje, kde se setkala s Miladou Hor\u00e1kovou. Franti\u0161ka Plam\u00ednkov\u00e1 byla popravena nedlouho po heydrichi\u00e1d\u011b, po n\u011bkolikam\u011bs\u00ed\u010dn\u00edm v\u011bzn\u011bn\u00ed. Pot\u011b\u0161ilo n\u00e1s, \u017ee se t\u00e9to skromn\u00e9 pietn\u00ed akce z\u00fa\u010dastnily i z\u00e1stupkyn\u011b \u010cerno\u0161ick\u00e9 Spole\u010dnosti Letopiseck\u00e9 (\u010ceSpoLet), pan\u00ed Jana Pa\u010fourkov\u00e1, Zde\u0148ka Kn\u011bz\u016f a Renata Hore\u0161ovsk\u00e1. Plam\u00ednkov\u00e1 se toti\u017e v roce 1939 p\u0159est\u011bhovala do \u010cerno\u0161ic, kde si nechala postavit d\u016fm, v n\u011bm\u017e se sch\u00e1zely osoby p\u016fsob\u00edc\u00ed v odbojov\u00e9m hnut\u00ed.<\/p>\n<p>Podrobn\u011bji o sen\u00e1torce Plam\u00ednkov\u00e9:<\/p>\n<p>Franti\u0161ka Plam\u00ednkov\u00e1 se narodila roku 1875. Jej\u00ed \u017eivot je spjat\u00fd p\u0159edev\u0161\u00edm se vznikem feministick\u00e9ho a emancipa\u010dn\u00edho hnut\u00ed. Byla zakladatelkou \u017eensk\u00fdch klub\u016f a p\u016fsobila i v mezin\u00e1rodn\u00edm \u017eensk\u00e9m hnut\u00ed. P\u0159esto\u017ee studovala na u\u010ditelku, jej\u00edm \u017eivotem se stala politika. Jako u\u010ditelka se v\u0161ak za Rakouska-Uherska nesm\u011bla provdat, co\u017e bylo v\u0161ak v roce 1918 i d\u00edky Plam\u00ednkov\u00e9 zru\u0161eno. Zaslou\u017eila se i o zaveden\u00ed volebn\u00edho pr\u00e1va pro \u017eeny v roce 1923, proto\u017ee sama zalo\u017eila V\u00fdbor pro volebn\u00ed pr\u00e1va \u017een v roce 1903. Pro jej\u00ed emancipa\u010dn\u00ed snahy bylo velmi v\u00fdhodn\u00e9 i p\u0159\u00e1telstv\u00ed s Tom\u00e1\u0161em Garriquem Masarykem, kter\u00fd na n\u011bkter\u00e9 jej\u00ed akce p\u0159isp\u00edval. \u017divot Franti\u0161ky Plam\u00ednkov\u00e9 se zm\u011bnil rokem 1925. Toho roku se stala sen\u00e1torkou a byla j\u00ed a\u017e do roku 1939. Nikdy se nevdala a nem\u011bla ani d\u011bti, co\u017e m\u016f\u017ee b\u00fdt jedn\u00edm z d\u016fvod\u016f jej\u00ed odvahy a neboj\u00e1cnosti, kdy\u017e roku 1938 napsala otev\u0159en\u00fd dopis Adolfu Hitlerovi, ve kter\u00e9m ho obvi\u0148ovala a tak\u00e9 mu vyt\u00fdkala mnoh\u00e9 historick\u00e9 omyly, kter\u00fdch se dopustil vjednom ze sv\u00fdch projev\u016f. N\u011bco takov\u00e9ho samoz\u0159ejm\u011b nemohlo z\u016fstat bez odezvy, a tak byla na podzim 1938 Franti\u0161ka Plam\u00ednkov\u00e1 zat\u010dena a n\u011bkolik m\u011bs\u00edc\u016f v\u011bzn\u011bna. Po propu\u0161t\u011bn\u00ed se zapojila do odboje, kde se setkala i s Miladou Hor\u00e1kovou. Do \u010cerno\u0161ic se Plam\u00ednkov\u00e1 p\u0159est\u011bhovala v roce 1939, kdy si zde nechala postavit d\u016fm. Z\u0159ejm\u011b proto, aby byla v bl\u00edzkosti Prahy, i kdy\u017e u\u017e se nemohla pln\u011b anga\u017eovat v politick\u00e9m \u017eivot\u011b. Na dom\u011b jsou zaj\u00edmav\u00e9 p\u0159edev\u0161\u00edm r\u016fzn\u00e9 d\u0159ev\u011bn\u00e9 dopl\u0148ky a tak\u00e9 jeho situov\u00e1n\u00ed v prudk\u00e9m kopci. Zde se sch\u00e1zely i ostatn\u00ed (p\u0159edev\u0161\u00edm \u017eeny) p\u016fsob\u00edc\u00ed v odbojov\u00e9m hnut\u00ed a vilka pr\u00fd byla koncipov\u00e1na tak, aby se z n\u00ed po smrti Franti\u0161ky Plam\u00ednkov\u00e9 mohlo st\u00e1t rekrea\u010dn\u00ed za\u0159\u00edzen\u00ed \u010dlenek \u017densk\u00e9ho klubu. K tomu v\u0161ak pozd\u011bji nedo\u0161lo. Franti\u0161ka Plam\u00ednkov\u00e1 byla popravena nedlouho po heydrichi\u00e1d\u011b, kdy\u017e p\u0159edt\u00edm str\u00e1vila n\u011bkolik m\u011bs\u00edc\u016f ve v\u011bzen\u00ed.<\/p>\n","protected":false},"excerpt":{"rendered":"<p>Uct\u011bn\u00ed 77. v\u00fdro\u010d\u00ed \u00famrt\u00ed sen\u00e1torky Franti\u0161ky Plam\u00ednkov\u00e9<\/p>\n","protected":false},"author":2,"featured_media":2357,"comment_status":"open","ping_status":"open","sticky":false,"template":"","format":"standard","meta":{"footnotes":""},"categories":[16],"tags":[],"class_list":["post-2356","post","type-post","status-publish","format-standard","has-post-thumbnail","hentry","category-ze-senatu"],"_links":{"self":[{"href":"https:\/\/jirioberfalzer.cz\/index.php?rest_route=\/wp\/v2\/posts\/2356","targetHints":{"allow":["GET"]}}],"collection":[{"href":"https:\/\/jirioberfalzer.cz\/index.php?rest_route=\/wp\/v2\/posts"}],"about":[{"href":"https:\/\/jirioberfalzer.cz\/index.php?rest_route=\/wp\/v2\/types\/post"}],"author":[{"embeddable":true,"href":"https:\/\/jirioberfalzer.cz\/index.php?rest_route=\/wp\/v2\/users\/2"}],"replies":[{"embeddable":true,"href":"https:\/\/jirioberfalzer.cz\/index.php?rest_route=%2Fwp%2Fv2%2Fcomments&post=2356"}],"version-history":[{"count":1,"href":"https:\/\/jirioberfalzer.cz\/index.php?rest_route=\/wp\/v2\/posts\/2356\/revisions"}],"predecessor-version":[{"id":2358,"href":"https:\/\/jirioberfalzer.cz\/index.php?rest_route=\/wp\/v2\/posts\/2356\/revisions\/2358"}],"wp:featuredmedia":[{"embeddable":true,"href":"https:\/\/jirioberfalzer.cz\/index.php?rest_route=\/wp\/v2\/media\/2357"}],"wp:attachment":[{"href":"https:\/\/jirioberfalzer.cz\/index.php?rest_route=%2Fwp%2Fv2%2Fmedia&parent=2356"}],"wp:term":[{"taxonomy":"category","embeddable":true,"href":"https:\/\/jirioberfalzer.cz\/index.php?rest_route=%2Fwp%2Fv2%2Fcategories&post=2356"},{"taxonomy":"post_tag","embeddable":true,"href":"https:\/\/jirioberfalzer.cz\/index.php?rest_route=%2Fwp%2Fv2%2Ftags&post=2356"}],"curies":[{"name":"wp","href":"https:\/\/api.w.org\/{rel}","templated":true}]}}