{"id":2340,"date":"2019-06-19T13:07:28","date_gmt":"2019-06-19T12:07:28","guid":{"rendered":"http:\/\/jirioberfalzer.cz\/?p=2340"},"modified":"2019-06-23T13:18:33","modified_gmt":"2019-06-23T12:18:33","slug":"ucteni-pamatky-generala-aloise-eliase","status":"publish","type":"post","link":"https:\/\/jirioberfalzer.cz\/?p=2340","title":{"rendered":"Uct\u011bn\u00ed pam\u00e1tky gener\u00e1la Aloise Eli\u00e1\u0161e"},"content":{"rendered":"<p><a href=\"https:\/\/jirioberfalzer.cz\/wp-content\/uploads\/2019\/06\/eli_compressed.jpg\"><img loading=\"lazy\" decoding=\"async\" class=\"aligncenter size-medium wp-image-2341\" src=\"https:\/\/jirioberfalzer.cz\/wp-content\/uploads\/2019\/06\/eli_compressed-276x300.jpg\" alt=\"\" width=\"276\" height=\"300\" srcset=\"https:\/\/jirioberfalzer.cz\/wp-content\/uploads\/2019\/06\/eli_compressed-276x300.jpg 276w, https:\/\/jirioberfalzer.cz\/wp-content\/uploads\/2019\/06\/eli_compressed-768x835.jpg 768w, https:\/\/jirioberfalzer.cz\/wp-content\/uploads\/2019\/06\/eli_compressed-942x1024.jpg 942w, https:\/\/jirioberfalzer.cz\/wp-content\/uploads\/2019\/06\/eli_compressed.jpg 1000w\" sizes=\"auto, (max-width: 276px) 100vw, 276px\" \/><\/a>&#8222;Zv\u00edt\u011bz\u00edme&#8220;, mj. \u00fadajn\u011b st\u00e1lo na posledn\u00edm vzkazu gener\u00e1la Aloise Eli\u00e1\u0161e p\u0159ed vyveden\u00edm z cely. Jeho n\u00e1silnou smrt, kdy byl jako jedin\u00fd premi\u00e9r okupovan\u00e9 zem\u011b n<span class=\"text_exposed_show\">acisty postaven p\u0159ed poprav\u010d\u00ed \u010detu a zast\u0159elen 19. \u010dervna 1942, si dnes p\u0159ipomn\u011bli p\u0159edseda Sen\u00e1tu Jaroslav Kubera a m\u00edstop\u0159edseda Ji\u0159\u00ed Oberfalzer. Pam\u011btn\u00ed desku si m\u016f\u017eete prohl\u00e9dnout na Kolovratsk\u00e9m pal\u00e1ci, kter\u00fd je sou\u010d\u00e1st\u00ed s\u00eddla Sen\u00e1tu, jeho rodn\u00fd d\u016fm pak najdete v Praze na Vinohradech<\/span><\/p>\n","protected":false},"excerpt":{"rendered":"<p>Zav\u011b\u0161en\u00edm v\u011bnce na pam\u011btn\u00ed desku gener\u00e1la Aloise Eli\u00e1\u0161e si p\u0159ipomn\u011bli 19. \u010dervna p\u0159edseda Sen\u00e1tu Jaroslav Kubera a m\u00edstop\u0159edseda Ji\u0159\u00ed Oberfalzer jeho n\u00e1silnou smrt, kdy byl jako jedin\u00fd premi\u00e9r okupovan\u00e9 zem\u011b nacisty postaven p\u0159ed poprav\u010d\u00ed \u010detu a zast\u0159elen 19. \u010dervna 1942<\/p>\n","protected":false},"author":2,"featured_media":2341,"comment_status":"open","ping_status":"open","sticky":false,"template":"","format":"standard","meta":{"footnotes":""},"categories":[3],"tags":[],"class_list":["post-2340","post","type-post","status-publish","format-standard","has-post-thumbnail","hentry","category-udalosti-a-komentare"],"_links":{"self":[{"href":"https:\/\/jirioberfalzer.cz\/index.php?rest_route=\/wp\/v2\/posts\/2340","targetHints":{"allow":["GET"]}}],"collection":[{"href":"https:\/\/jirioberfalzer.cz\/index.php?rest_route=\/wp\/v2\/posts"}],"about":[{"href":"https:\/\/jirioberfalzer.cz\/index.php?rest_route=\/wp\/v2\/types\/post"}],"author":[{"embeddable":true,"href":"https:\/\/jirioberfalzer.cz\/index.php?rest_route=\/wp\/v2\/users\/2"}],"replies":[{"embeddable":true,"href":"https:\/\/jirioberfalzer.cz\/index.php?rest_route=%2Fwp%2Fv2%2Fcomments&post=2340"}],"version-history":[{"count":1,"href":"https:\/\/jirioberfalzer.cz\/index.php?rest_route=\/wp\/v2\/posts\/2340\/revisions"}],"predecessor-version":[{"id":2342,"href":"https:\/\/jirioberfalzer.cz\/index.php?rest_route=\/wp\/v2\/posts\/2340\/revisions\/2342"}],"wp:featuredmedia":[{"embeddable":true,"href":"https:\/\/jirioberfalzer.cz\/index.php?rest_route=\/wp\/v2\/media\/2341"}],"wp:attachment":[{"href":"https:\/\/jirioberfalzer.cz\/index.php?rest_route=%2Fwp%2Fv2%2Fmedia&parent=2340"}],"wp:term":[{"taxonomy":"category","embeddable":true,"href":"https:\/\/jirioberfalzer.cz\/index.php?rest_route=%2Fwp%2Fv2%2Fcategories&post=2340"},{"taxonomy":"post_tag","embeddable":true,"href":"https:\/\/jirioberfalzer.cz\/index.php?rest_route=%2Fwp%2Fv2%2Ftags&post=2340"}],"curies":[{"name":"wp","href":"https:\/\/api.w.org\/{rel}","templated":true}]}}